{"id":236528,"date":"2019-07-16T21:41:18","date_gmt":"2019-07-17T00:41:18","guid":{"rendered":"http:\/\/1.2210256"},"modified":"2026-04-10T16:36:53","modified_gmt":"2026-04-10T19:36:53","slug":"13-reasons-why-tem-cena-de-suicidio-alterada-dois-anos-apos-estreia","status":"publish","type":"post","link":"https:\/\/bocudo.com\/?p=236528","title":{"rendered":"&#8217;13 Reasons Why&#8217; tem cena de suic\u00eddio alterada dois anos ap\u00f3s estreia"},"content":{"rendered":"<div style=\"text-align: center; margin: 20px 0;\"><script async src=\"https:\/\/pagead2.googlesyndication.com\/pagead\/js\/adsbygoogle.js?client=ca-pub-4475525115208877\" crossorigin=\"anonymous\"><\/script><br \/>\n<ins class=\"adsbygoogle\" style=\"display: block; text-align: center;\" data-ad-layout=\"in-article\" data-ad-format=\"fluid\" data-ad-client=\"ca-pub-4475525115208877\" data-ad-slot=\"7970302005\"><\/ins><br \/>\n<script>\n     (adsbygoogle = window.adsbygoogle || []).push({});\n<\/script><\/div>\n<p>&nbsp;<\/p>\n<div style=\"text-align: center;\"><img loading=\"lazy\" decoding=\"async\" class=\"alignnone size-full wp-image-1295053\" src=\"https:\/\/bocudo.com\/wp-content\/uploads\/2026\/01\/13-Reasons-Why.jpg\" alt=\"\" width=\"1736\" height=\"1080\" srcset=\"https:\/\/bocudo.com\/wp-content\/uploads\/2026\/01\/13-Reasons-Why.jpg 1736w, https:\/\/bocudo.com\/wp-content\/uploads\/2026\/01\/13-Reasons-Why-600x373.jpg 600w, https:\/\/bocudo.com\/wp-content\/uploads\/2026\/01\/13-Reasons-Why-1024x637.jpg 1024w, https:\/\/bocudo.com\/wp-content\/uploads\/2026\/01\/13-Reasons-Why-768x478.jpg 768w, https:\/\/bocudo.com\/wp-content\/uploads\/2026\/01\/13-Reasons-Why-1536x956.jpg 1536w\" sizes=\"auto, (max-width: 1736px) 100vw, 1736px\" \/><\/div>\n<p>A Netflix anunciou nesta ter\u00e7a-feira (16) que alterou a cena do suic\u00eddio da personagem Hannah (Katherine Langford) na primeira temporada da s\u00e9rie &#8220;13 Reasons Why&#8221;. As imagens da morte da personagem geraram cr\u00edticas desde a estreia da atra\u00e7\u00e3o, em 2017.<br \/>\nO an\u00fancio foi feito em\u00a0um comunicado postado no Twitter da empresa de streaming, que informa que tamb\u00e9m ir\u00e1\u00a0tentar retirar do ar eventuais v\u00eddeos publicados com a cena original na internet.<br \/>\nNa cena que gerou pol\u00eamica, Hannah entra em uma banheira e corta os pulsos. \u00c9 esse o momento que foi editado pela Netflix. Agora, a estudante aparece no banheiro, olhando fixamente no espelho e posteriormente surge morta. O momento exato do suic\u00eddio foi cortado.<br \/>\n&#8220;N\u00f3s ouvimos de muitos jovens que &#8217;13 Reasons Why&#8217; os encorajou a come\u00e7ar a conversar sobre suas dificuldades em rela\u00e7\u00e3o a temas como depress\u00e3o e suic\u00eddio e passaram a pedir ajuda -muitas vezes pela primeira vez. Enquanto nos preparamos para lan\u00e7ar a terceira temporada neste ver\u00e3o [do Hemisf\u00e9rio Norte], ficamos cientes do debate sobre a s\u00e9rie&#8221;, diz o comunicado.<br \/>\n&#8220;Ent\u00e3o, com aconselhamento de especialistas m\u00e9dicos, entre eles Christine Moutier, m\u00e9dica-chefe da Funda\u00e7\u00e3o Americana de Preven\u00e7\u00e3o ao Suic\u00eddio, n\u00f3s decidimos, com o criador Brian Yorkey e os produtores de &#8217;13 Reasons Why&#8217;, editar a cena em que Hannah tira a pr\u00f3pria vida na primeira temporada&#8221;, encerra a nota.<br \/>\nEstudos divulgados em maio indicaram que os n\u00fameros de pessoas que tiraram suas pr\u00f3prias vidas nos Estados Unidos aumentaram ap\u00f3s a estreia da s\u00e9rie -ainda que n\u00e3o seja poss\u00edvel relacionar diretamente o programa com as mortes.<br \/>\n&#8220;Nossa expectativa ao fazer &#8217;13 Reasons Why&#8217; era p\u00f4r em uma s\u00e9rie de TV uma hist\u00f3ria que ajudasse os jovens a se sentirem vistos e encorajados a ter empatia, como o livro que o inspirou fez antes de n\u00f3s&#8221;, disse Yorkey, o criador da s\u00e9rie, em comunicado ao site da revista\u00a0The Hollywood Reporter.<br \/>\n&#8220;Nossa inten\u00e7\u00e3o criativa era dar um retrato da feia e dolorosa realidade do suic\u00eddio de um modo gr\u00e1fico na primeira temporada, para contar a verdade sobre um ato t\u00e3o horroroso, e garantir que ningu\u00e9m tentasse\u00a0repeti-lo. Mas, conforme estamos prestes a lan\u00e7ar a terceira temporada, tivemos preocupa\u00e7\u00f5es. Nenhuma cena \u00e9 mais importante que a vida da s\u00e9rie e a mensagem que queremos passar \u00e9 para que as pessoas cuidem umas das outras.&#8221;<ins class=\"adsbygoogle\" style=\"display: block;\" data-ad-format=\"autorelaxed\" data-ad-client=\"ca-pub-4475525115208877\" data-ad-slot=\"8304162780\"><\/ins><\/p>\n<p><img loading=\"lazy\" decoding=\"async\" class=\"alignnone size-full wp-image-1380021\" src=\"https:\/\/bocudo.com\/wp-content\/uploads\/2003\/04\/MINI-noticias-removebg.png\" alt=\"\" width=\"200\" height=\"200\" \/><\/p>\n<div style=\"text-align: center; margin: 20px 0;\"><script async src=\"https:\/\/pagead2.googlesyndication.com\/pagead\/js\/adsbygoogle.js?client=ca-pub-4475525115208877\" crossorigin=\"anonymous\"><\/script><br \/>\n<ins class=\"adsbygoogle\" style=\"display: block; text-align: center;\" data-ad-layout=\"in-article\" data-ad-format=\"fluid\" data-ad-client=\"ca-pub-4475525115208877\" data-ad-slot=\"7970302005\"><\/ins><br \/>\n<script>\n     (adsbygoogle = window.adsbygoogle || []).push({});\n<\/script><\/div>\n","protected":false},"excerpt":{"rendered":"<p>&nbsp; A Netflix anunciou nesta ter\u00e7a-feira (16) que alterou a cena do suic\u00eddio da personagem&#8230;<\/p>\n","protected":false},"author":3,"featured_media":1295053,"comment_status":"closed","ping_status":"closed","sticky":false,"template":"","format":"standard","meta":{"footnotes":""},"categories":[8196,8299,8300],"tags":[312,323,324,325,326,327,328,257,329,330,331],"class_list":["post-236528","post","type-post","status-publish","format-standard","has-post-thumbnail","hentry","category-entretenimento","category-series","category-streaming","tag-13-reasons-why","tag-brian-yorkey","tag-christine-moutier","tag-criticas","tag-fundacao-americana-de-prevencao-ao-suicidio","tag-hannah","tag-katherine-langford","tag-netflix","tag-revista-the-hollywood-reporter","tag-streaming","tag-twitter"],"_links":{"self":[{"href":"https:\/\/bocudo.com\/index.php?rest_route=\/wp\/v2\/posts\/236528","targetHints":{"allow":["GET"]}}],"collection":[{"href":"https:\/\/bocudo.com\/index.php?rest_route=\/wp\/v2\/posts"}],"about":[{"href":"https:\/\/bocudo.com\/index.php?rest_route=\/wp\/v2\/types\/post"}],"author":[{"embeddable":true,"href":"https:\/\/bocudo.com\/index.php?rest_route=\/wp\/v2\/users\/3"}],"replies":[{"embeddable":true,"href":"https:\/\/bocudo.com\/index.php?rest_route=%2Fwp%2Fv2%2Fcomments&post=236528"}],"version-history":[{"count":6,"href":"https:\/\/bocudo.com\/index.php?rest_route=\/wp\/v2\/posts\/236528\/revisions"}],"predecessor-version":[{"id":1388841,"href":"https:\/\/bocudo.com\/index.php?rest_route=\/wp\/v2\/posts\/236528\/revisions\/1388841"}],"wp:featuredmedia":[{"embeddable":true,"href":"https:\/\/bocudo.com\/index.php?rest_route=\/wp\/v2\/media\/1295053"}],"wp:attachment":[{"href":"https:\/\/bocudo.com\/index.php?rest_route=%2Fwp%2Fv2%2Fmedia&parent=236528"}],"wp:term":[{"taxonomy":"category","embeddable":true,"href":"https:\/\/bocudo.com\/index.php?rest_route=%2Fwp%2Fv2%2Fcategories&post=236528"},{"taxonomy":"post_tag","embeddable":true,"href":"https:\/\/bocudo.com\/index.php?rest_route=%2Fwp%2Fv2%2Ftags&post=236528"}],"curies":[{"name":"wp","href":"https:\/\/api.w.org\/{rel}","templated":true}]}}