{"id":1297387,"date":"2018-07-10T14:50:32","date_gmt":"2018-07-10T14:50:32","guid":{"rendered":"https:\/\/bocudo.com\/?p=1297387"},"modified":"2026-03-27T15:38:31","modified_gmt":"2026-03-27T18:38:31","slug":"mesmo-em-isolamento-geddel-mantem-indisciplina-segundo-presidio-juiza-cobra-investigacao-sobre-remedios-em-cela","status":"publish","type":"post","link":"https:\/\/bocudo.com\/?p=1297387","title":{"rendered":"Mesmo em isolamento, Geddel mant\u00e9m indisciplina, segundo pres\u00eddio; ju\u00edza cobra investiga\u00e7\u00e3o sobre rem\u00e9dios em cela"},"content":{"rendered":"<div style=\"text-align: center; margin: 20px 0;\"><script async src=\"https:\/\/pagead2.googlesyndication.com\/pagead\/js\/adsbygoogle.js?client=ca-pub-4475525115208877\" crossorigin=\"anonymous\"><\/script><br \/>\n<ins class=\"adsbygoogle\" style=\"display: block; text-align: center;\" data-ad-layout=\"in-article\" data-ad-format=\"fluid\" data-ad-client=\"ca-pub-4475525115208877\" data-ad-slot=\"7970302005\"><\/ins><br \/>\n<script>\n     (adsbygoogle = window.adsbygoogle || []).push({});\n<\/script><\/div>\n<p><img decoding=\"async\" src=\"https:\/\/s2-g1.glbimg.com\/JZetn5c83kwNTumikQ0Y6dFt028=\/s.glbimg.com\/jo\/g1\/f\/original\/2017\/07\/06\/geddel-preso.jpg\" \/><br \/>\nO ex-ministro Geddel Vieira Lima, em julho do ano passado, ap\u00f3s audi\u00eancia na Justi\u00e7a Federal, em Bras\u00edlia.<br \/>\nDida Sampaio\/Estad\u00e3o Conte\u00fado<\/p>\n<p>A ju\u00edza Leila Cury, da Vara de Execu\u00e7\u00f5es Penais do Distrito Federal, afirmou ter recebido informa\u00e7\u00f5es do Pres\u00eddio da Papuda de que, mesmo diante do isolamento imposto ao ex-ministro Geddel Vieira Lima, ele permanece indisciplinado.<br \/>\nGeddel cumpre pris\u00e3o em Bras\u00edlia desde o ano passado, ap\u00f3s investiga\u00e7\u00e3o sobre fraudes na Caixa Econ\u00f4mica Federal. Ele foi preso depois de a Pol\u00edcia Federal ter apreendido, na Opera\u00e7\u00e3o Cui Bono, R$ 51 milh\u00f5es em dinheiro que estavam distribu\u00eddos em malas, em um apartamento supostamente utilizado pelo ex-ministro em Salvador.<br \/>\nSegundo a ju\u00edza, em decis\u00e3o do come\u00e7o de julho, o isolamento disciplinar n\u00e3o prejudica o estado de sa\u00fade dele, que tem se recusado a receber todas as refei\u00e7\u00f5es di\u00e1rias e sair para o banho de sol.<br \/>\n&#8220;Informa (a dire\u00e7\u00e3o do pres\u00eddio), ainda, que mesmo em isolamento disciplinar, Geddel vem se comportando de forma indisciplinada e vem se recusando ao recebimento de parte das quatro refei\u00e7\u00f5es di\u00e1rias ordinariamente disponibilizadas a todas as pessoas em priva\u00e7\u00e3o de liberdade naquela unidade prisional, insistindo em ter acesso \u00e0 cantina do Bloco 5. Al\u00e9m disso, ele se recusa a sair diariamente para o banho de sol&#8221;, afirma o despacho.<br \/>\nMesmo em isolamento, Geddel n\u00e3o cumpre regras na Papuda<br \/>\nO isolamento come\u00e7ou em 27 de junho e durou dez dias em raz\u00e3o da pr\u00e1tica de desacato. Al\u00e9m disso, Geddel tamb\u00e9m j\u00e1 foi alvo de suspeitas de uso de rem\u00e9dios n\u00e3o prescritos dentro do pres\u00eddio, o que est\u00e1 sob apura\u00e7\u00e3o. No fim de junho, uma supervisora da vara de execu\u00e7\u00f5es cobrou, de ordem da ju\u00edza Leila Cury, o pres\u00eddio sobre as medidas tomadas.<br \/>\nA respeito do isolamento de Geddel, Leila Cury citou um relat\u00f3rio psiqui\u00e1trico, do fim de junho, que aponta o ex-ministro &#8220;um pouco irritado e impulsivo, o que \u00e9 compat\u00edvel com o per\u00edodo de mudan\u00e7a da medica\u00e7\u00e3o antidepressiva&#8221;.<br \/>\nNa avalia\u00e7\u00e3o de Leila Cury, n\u00e3o cabe nesse momento discutir se houve ou n\u00e3o falta disciplinar por parte do preso, uma vez que isso est\u00e1 sob apura\u00e7\u00e3o. Mas frisou n\u00e3o ver &#8220;o menor ind\u00edcio de irregularidade&#8221; na medida.<br \/>\nA ju\u00edza destacou que, como em todo isolamento, Geddel teve acesso suspenso \u00e0 cantina, \u00e0 televis\u00e3o e visitas, tendo sido mantido banho de sol di\u00e1rio de 3 horas, mas que ele se recusa sem &#8220;raz\u00e3o plaus\u00edvel&#8221;. Ela citou que Geddel estava cumprindo o isolamento em cela com mais de seis metros quadrados, tamanho m\u00ednimo recomendado, e com estrutura m\u00ednima.<br \/>\nLeila Cury destacou que a equipe do pres\u00eddio tentou encaminhar o ex-ministro para atendimento m\u00e9dico em rede hospitalar externa, mas que ele tamb\u00e9m se recusou &#8220;e ainda amea\u00e7ou fazer esc\u00e2ndalo caso o retirassem de l\u00e1&#8221;.<br \/>\nSegundo ela, embora tenha se recusado a todas as refei\u00e7\u00f5es, ele aceita o caf\u00e9 e a ceia, que correspondem &#8220;a dois p\u00e3es, sendo um deles recheado, um achocolatado e um suco, n\u00e3o havendo, por ora, ind\u00edcios de riscos \u00e0 sua sa\u00fade&#8221;.<br \/>\nA decis\u00e3o autoriza, no entanto que, caso necess\u00e1rio, Geddel deixe a penitenci\u00e1ria para obter atendimento m\u00e9dico externo.<br \/>\n&#8220;Considerando a responsabilidade do Estado pelo resguardo da integridade f\u00edsica das pessoas em priva\u00e7\u00e3o de liberdade, fica autorizado desde j\u00e1, em caso de urg\u00eancia que n\u00e3o possa ser atendida pela equipe de sa\u00fade do estabelecimento prisional, o encaminhamento do custodiado para a rede externa de sa\u00fade, caso necess\u00e1rio&#8221;, afirma o despacho.<\/p>\n<p><img loading=\"lazy\" decoding=\"async\" class=\"alignnone size-full wp-image-1380021\" src=\"https:\/\/bocudo.com\/wp-content\/uploads\/2003\/04\/MINI-noticias-removebg.png\" alt=\"\" width=\"200\" height=\"200\" \/><\/p>\n<p>&nbsp;<\/p>\n<div style=\"text-align: center; margin: 20px 0;\"><script async src=\"https:\/\/pagead2.googlesyndication.com\/pagead\/js\/adsbygoogle.js?client=ca-pub-4475525115208877\" crossorigin=\"anonymous\"><\/script><br \/>\n<ins class=\"adsbygoogle\" style=\"display: block; text-align: center;\" data-ad-layout=\"in-article\" data-ad-format=\"fluid\" data-ad-client=\"ca-pub-4475525115208877\" data-ad-slot=\"7970302005\"><\/ins><br \/>\n<script>\n     (adsbygoogle = window.adsbygoogle || []).push({});\n<\/script><\/div>\n","protected":false},"excerpt":{"rendered":"<p>O ex-ministro Geddel Vieira Lima, em julho do ano passado, ap\u00f3s audi\u00eancia na Justi\u00e7a Federal,&#8230;<\/p>\n","protected":false},"author":1,"featured_media":1298719,"comment_status":"closed","ping_status":"closed","sticky":false,"template":"","format":"standard","meta":{"footnotes":""},"categories":[8202,8212,8195],"tags":[560,2634,18953,19615,19618,19617,19616],"class_list":["post-1297387","post","type-post","status-publish","format-standard","has-post-thumbnail","hentry","category-brasil","category-justica","category-noticias","tag-brasilia","tag-caixa-economica-federal","tag-geddel-vieira-lima","tag-leila-cury","tag-operacao-cui-bono","tag-presidio-da-papuda","tag-vara-de-execucoes-penais-do-distrito-federal"],"_links":{"self":[{"href":"https:\/\/bocudo.com\/index.php?rest_route=\/wp\/v2\/posts\/1297387","targetHints":{"allow":["GET"]}}],"collection":[{"href":"https:\/\/bocudo.com\/index.php?rest_route=\/wp\/v2\/posts"}],"about":[{"href":"https:\/\/bocudo.com\/index.php?rest_route=\/wp\/v2\/types\/post"}],"author":[{"embeddable":true,"href":"https:\/\/bocudo.com\/index.php?rest_route=\/wp\/v2\/users\/1"}],"replies":[{"embeddable":true,"href":"https:\/\/bocudo.com\/index.php?rest_route=%2Fwp%2Fv2%2Fcomments&post=1297387"}],"version-history":[{"count":4,"href":"https:\/\/bocudo.com\/index.php?rest_route=\/wp\/v2\/posts\/1297387\/revisions"}],"predecessor-version":[{"id":1384422,"href":"https:\/\/bocudo.com\/index.php?rest_route=\/wp\/v2\/posts\/1297387\/revisions\/1384422"}],"wp:featuredmedia":[{"embeddable":true,"href":"https:\/\/bocudo.com\/index.php?rest_route=\/wp\/v2\/media\/1298719"}],"wp:attachment":[{"href":"https:\/\/bocudo.com\/index.php?rest_route=%2Fwp%2Fv2%2Fmedia&parent=1297387"}],"wp:term":[{"taxonomy":"category","embeddable":true,"href":"https:\/\/bocudo.com\/index.php?rest_route=%2Fwp%2Fv2%2Fcategories&post=1297387"},{"taxonomy":"post_tag","embeddable":true,"href":"https:\/\/bocudo.com\/index.php?rest_route=%2Fwp%2Fv2%2Ftags&post=1297387"}],"curies":[{"name":"wp","href":"https:\/\/api.w.org\/{rel}","templated":true}]}}