{"id":1297386,"date":"2018-07-10T21:38:55","date_gmt":"2018-07-10T21:38:55","guid":{"rendered":"https:\/\/bocudo.com\/?p=1297386"},"modified":"2026-03-30T11:46:47","modified_gmt":"2026-03-30T14:46:47","slug":"ministerio-publico-do-df-recorre-da-absolvicao-de-geddel-em-acusacao-de-obstrucao-de-justica","status":"publish","type":"post","link":"https:\/\/bocudo.com\/?p=1297386","title":{"rendered":"Minist\u00e9rio P\u00fablico do DF recorre da absolvi\u00e7\u00e3o de Geddel em acusa\u00e7\u00e3o de obstru\u00e7\u00e3o de Justi\u00e7a"},"content":{"rendered":"<div style=\"text-align: center; margin: 20px 0;\"><script async src=\"https:\/\/pagead2.googlesyndication.com\/pagead\/js\/adsbygoogle.js?client=ca-pub-4475525115208877\" crossorigin=\"anonymous\"><\/script><br \/>\n<ins class=\"adsbygoogle\" style=\"display: block; text-align: center;\" data-ad-layout=\"in-article\" data-ad-format=\"fluid\" data-ad-client=\"ca-pub-4475525115208877\" data-ad-slot=\"7970302005\"><\/ins><br \/>\n<script>\n     (adsbygoogle = window.adsbygoogle || []).push({});\n<\/script><\/div>\n<p><img loading=\"lazy\" decoding=\"async\" class=\"\" src=\"https:\/\/s2-g1.glbimg.com\/eQtaEytkFPRNOkUeDzMatAv6TIQ=\/i.s3.glbimg.com\/v1\/AUTH_59edd422c0c84a879bd37670ae4f538a\/internal_photos\/bs\/2017\/4\/Y\/6epY5ETGWkebxwIaUB8g\/geddel.jpg\" width=\"720\" height=\"404\" \/><br \/>\nO ex-ministro Geddel Vieira Lima (MDB-BA)<br \/>\nReprodu\u00e7\u00e3o\/TV Globo<\/p>\n<p>O Minist\u00e9rio P\u00fablico Federal do Distrito Federal recorreu nesta ter\u00e7a-feira (10) da absolvi\u00e7\u00e3o do ex-ministro Geddel Vieira Lima (MDB-BA) na acusa\u00e7\u00e3o de obstru\u00e7\u00e3o de Justi\u00e7a.<br \/>\nNa semana passada, o juiz Vallisney de Souza, da Justi\u00e7a Federal de Bras\u00edlia, absolveu Geddel por falta de provas. Ele considerou que a acusa\u00e7\u00e3o de amea\u00e7a \u00e0 mulher do doleiro L\u00facio Funaro, delator da Lava Jato, para evitar uma dela\u00e7\u00e3o premiada n\u00e3o se confirmou porque ela pr\u00f3pria em depoimento negou o fato.<br \/>\nEm julho do ano passado, o ex-ministro da Secretaria de Governo chegou a ser preso, por decis\u00e3o de Vallisney de Souza, em raz\u00e3o das suspeitas de que atrapalhava o andamento das investiga\u00e7\u00f5es da Opera\u00e7\u00e3o Cui Bono, mas foi solto dias depois.<br \/>\nAtualmente ele est\u00e1 preso em raz\u00e3o de outro processo, no qual virou r\u00e9u em maio deste ano no caso de malas de dinheiro apreendidas em Salvador com R$ 51 milh\u00f5es.<br \/>\nArgumentos do recurso<br \/>\nO recurso, que pede que Geddel seja condenado a uma pena de sete anos de pris\u00e3o por obstru\u00e7\u00e3o de Justi\u00e7a, ser\u00e1 julgado pelo Tribunal Regional Federal da Primeira Regi\u00e3o (TRF-1) em data ainda n\u00e3o definida.<br \/>\nNo documento, o MP aponta que h\u00e1 provas da tentativa de constranger L\u00facio Funaro para evitar uma dela\u00e7\u00e3o premiada envolvendo integrantes do MDB.<br \/>\nSegundo o recurso, n\u00e3o foi dito que houve amea\u00e7a, mas sim tentativa de impedir a colabora\u00e7\u00e3o &#8211; informa\u00e7\u00e3o confirmada pelo pr\u00f3prio Funaro em dela\u00e7\u00e3o validada pelo Supremo Tribunal Federal.<br \/>\n&#8220;Deixar de condenar Geddel por esse ato de embara\u00e7o \u00e9 reconhecer que o Estado considera irrelevante as condutas por ele praticadas, um claro e indesejado incentivo a sua ocorr\u00eancia, por parte do denunciado, de seus comparsas da organiza\u00e7\u00e3o criminosa&#8221;, afirma o recurso assinado pelos procuradores Anselmo Lopes e Sara Leite.<\/p>\n<p><img loading=\"lazy\" decoding=\"async\" class=\"alignnone size-full wp-image-1380021\" src=\"https:\/\/bocudo.com\/wp-content\/uploads\/2003\/04\/MINI-noticias-removebg.png\" alt=\"\" width=\"200\" height=\"200\" \/><\/p>\n<div style=\"text-align: center; margin: 20px 0;\"><script async src=\"https:\/\/pagead2.googlesyndication.com\/pagead\/js\/adsbygoogle.js?client=ca-pub-4475525115208877\" crossorigin=\"anonymous\"><\/script><br \/>\n<ins class=\"adsbygoogle\" style=\"display: block; text-align: center;\" data-ad-layout=\"in-article\" data-ad-format=\"fluid\" data-ad-client=\"ca-pub-4475525115208877\" data-ad-slot=\"7970302005\"><\/ins><br \/>\n<script>\n     (adsbygoogle = window.adsbygoogle || []).push({});\n<\/script><\/div>\n","protected":false},"excerpt":{"rendered":"<p>O ex-ministro Geddel Vieira Lima (MDB-BA) Reprodu\u00e7\u00e3o\/TV Globo O Minist\u00e9rio P\u00fablico Federal do Distrito Federal&#8230;<\/p>\n","protected":false},"author":1,"featured_media":1298722,"comment_status":"closed","ping_status":"closed","sticky":false,"template":"","format":"standard","meta":{"footnotes":""},"categories":[8202,8212,8195],"tags":[19623,18953,19620,19621,19619,19624,727,19622],"class_list":["post-1297386","post","type-post","status-publish","format-standard","has-post-thumbnail","hentry","category-brasil","category-justica","category-noticias","tag-anselmo-lopes","tag-geddel-vieira-lima","tag-juiz-vallisney-de-souza","tag-justica-federal-de-brasilia","tag-ministerio-publico-federal-do-distrito-federal","tag-sara-leite","tag-supremo-tribunal-federal","tag-tribunal-regional-federal-da-primeira-regiao-trf-1"],"_links":{"self":[{"href":"https:\/\/bocudo.com\/index.php?rest_route=\/wp\/v2\/posts\/1297386","targetHints":{"allow":["GET"]}}],"collection":[{"href":"https:\/\/bocudo.com\/index.php?rest_route=\/wp\/v2\/posts"}],"about":[{"href":"https:\/\/bocudo.com\/index.php?rest_route=\/wp\/v2\/types\/post"}],"author":[{"embeddable":true,"href":"https:\/\/bocudo.com\/index.php?rest_route=\/wp\/v2\/users\/1"}],"replies":[{"embeddable":true,"href":"https:\/\/bocudo.com\/index.php?rest_route=%2Fwp%2Fv2%2Fcomments&post=1297386"}],"version-history":[{"count":4,"href":"https:\/\/bocudo.com\/index.php?rest_route=\/wp\/v2\/posts\/1297386\/revisions"}],"predecessor-version":[{"id":1384423,"href":"https:\/\/bocudo.com\/index.php?rest_route=\/wp\/v2\/posts\/1297386\/revisions\/1384423"}],"wp:featuredmedia":[{"embeddable":true,"href":"https:\/\/bocudo.com\/index.php?rest_route=\/wp\/v2\/media\/1298722"}],"wp:attachment":[{"href":"https:\/\/bocudo.com\/index.php?rest_route=%2Fwp%2Fv2%2Fmedia&parent=1297386"}],"wp:term":[{"taxonomy":"category","embeddable":true,"href":"https:\/\/bocudo.com\/index.php?rest_route=%2Fwp%2Fv2%2Fcategories&post=1297386"},{"taxonomy":"post_tag","embeddable":true,"href":"https:\/\/bocudo.com\/index.php?rest_route=%2Fwp%2Fv2%2Ftags&post=1297386"}],"curies":[{"name":"wp","href":"https:\/\/api.w.org\/{rel}","templated":true}]}}