{"id":1297384,"date":"2018-07-12T17:43:39","date_gmt":"2018-07-12T17:43:39","guid":{"rendered":"https:\/\/bocudo.com\/?p=1297384"},"modified":"2026-03-27T16:08:39","modified_gmt":"2026-03-27T19:08:39","slug":"juiz-do-distrito-federal-rejeita-pedido-de-liberdade-de-eduardo-cunha","status":"publish","type":"post","link":"https:\/\/bocudo.com\/?p=1297384","title":{"rendered":"Juiz do Distrito Federal rejeita pedido de liberdade de Eduardo Cunha"},"content":{"rendered":"<div style=\"text-align: center; margin: 20px 0;\"><script async src=\"https:\/\/pagead2.googlesyndication.com\/pagead\/js\/adsbygoogle.js?client=ca-pub-4475525115208877\" crossorigin=\"anonymous\"><\/script><br \/>\n<ins class=\"adsbygoogle\" style=\"display: block; text-align: center;\" data-ad-layout=\"in-article\" data-ad-format=\"fluid\" data-ad-client=\"ca-pub-4475525115208877\" data-ad-slot=\"7970302005\"><\/ins><br \/>\n<script>\n     (adsbygoogle = window.adsbygoogle || []).push({});\n<\/script><\/div>\n<p><img decoding=\"async\" src=\"https:\/\/s2-g1.glbimg.com\/IpDng0EVeKDyASkGXggqS0gOfc0=\/i.s3.glbimg.com\/v1\/AUTH_59edd422c0c84a879bd37670ae4f538a\/internal_photos\/bs\/2017\/d\/R\/62wIzZSkyQmSzS8qAUMA\/cunha.jpg\" \/><br \/>\nO deputado cassado e ex-presidente da C\u00e2mara Eduardo Cunha (MDB-RJ) em foto de arquivo<br \/>\nEraldo Peres\/AP<\/p>\n<p>O juiz Vallisney de Souza Oliveira, da 10\u00aa Vara Federal de Bras\u00edlia, rejeitou um pedido de liberdade do ex-deputado federal Eduardo Cunha (MDB-RJ), preso desde 2016.<br \/>\nNa decis\u00e3o, o magistrado negou derrubar uma pris\u00e3o preventiva decretada em 2017 na Opera\u00e7\u00e3o Patmos, baseada na dela\u00e7\u00e3o premiada de executivos da J&amp;F.<br \/>\nEm depoimento, o empres\u00e1rio Joesley Batista disse que pagava propina para o ex-deputado permanecer em sil\u00eancio a respeito de supostos delitos cometidos pelo presidente Michel Temer e outros pol\u00edticos da c\u00fapula do PMDB.<br \/>\nEduardo Cunha ainda permanece preso em raz\u00e3o de outros decretos de pris\u00e3o preventiva, da Justi\u00e7a Federal no Paran\u00e1 e em Bras\u00edlia, relacionados a desvios na Petrobras e na Caixa Econ\u00f4mica Federal.<br \/>\nA defesa pediu o fim da pris\u00e3o a Vallisney de Souza Oliveira sob o argumento de que o ex-deputado est\u00e1 afastado da pol\u00edtica desde a cassa\u00e7\u00e3o de seu mandato, em 2016.<br \/>\nO Minist\u00e9rio P\u00fablico, por\u00e9m, recomendou a manuten\u00e7\u00e3o da pris\u00e3o, apontando \u201cforte influ\u00eancia\u201d do ex-deputado junto \u201ca outros comparsas para locupletar-se\u201d, mesmo ap\u00f3s seu afastamento da C\u00e2mara.<br \/>\nO juiz considerou ainda haver risco de novos crimes e rejeitou tamb\u00e9m pedido da defesa para aplicar medidas alternativas \u2013 que podem incluir uso de tornozeleira eletr\u00f4nica, proibi\u00e7\u00e3o de contato com outros investigados ou recolhimento de passaporte, por exemplo.<br \/>\n\u201cA necessidade de manter interrompida a atua\u00e7\u00e3o da organiza\u00e7\u00e3o criminosa referida e o risco concreto de reitera\u00e7\u00e3o criminosa justificam a manuten\u00e7\u00e3o da pris\u00e3o cautelar, n\u00e3o se mostrando suficiente a substitui\u00e7\u00e3o por medidas cautelares para afastar as aludidas circunst\u00e2ncias\u201d, escreveu o magistrado.<\/p>\n<p><img loading=\"lazy\" decoding=\"async\" class=\"alignnone size-full wp-image-1380021\" src=\"https:\/\/bocudo.com\/wp-content\/uploads\/2003\/04\/MINI-noticias-removebg.png\" alt=\"\" width=\"200\" height=\"200\" \/><\/p>\n<div style=\"text-align: center; margin: 20px 0;\"><script async src=\"https:\/\/pagead2.googlesyndication.com\/pagead\/js\/adsbygoogle.js?client=ca-pub-4475525115208877\" crossorigin=\"anonymous\"><\/script><br \/>\n<ins class=\"adsbygoogle\" style=\"display: block; text-align: center;\" data-ad-layout=\"in-article\" data-ad-format=\"fluid\" data-ad-client=\"ca-pub-4475525115208877\" data-ad-slot=\"7970302005\"><\/ins><br \/>\n<script>\n     (adsbygoogle = window.adsbygoogle || []).push({});\n<\/script><\/div>\n","protected":false},"excerpt":{"rendered":"<p>O deputado cassado e ex-presidente da C\u00e2mara Eduardo Cunha (MDB-RJ) em foto de arquivo Eraldo&#8230;<\/p>\n","protected":false},"author":1,"featured_media":1298728,"comment_status":"closed","ping_status":"closed","sticky":false,"template":"","format":"standard","meta":{"footnotes":""},"categories":[8202,8212,8195],"tags":[2634,1119,19627,19626,721],"class_list":["post-1297384","post","type-post","status-publish","format-standard","has-post-thumbnail","hentry","category-brasil","category-justica","category-noticias","tag-caixa-economica-federal","tag-eduardo-cunha","tag-joesley-batista","tag-juiz-vallisney-de-souza-oliveira","tag-petrobras"],"_links":{"self":[{"href":"https:\/\/bocudo.com\/index.php?rest_route=\/wp\/v2\/posts\/1297384","targetHints":{"allow":["GET"]}}],"collection":[{"href":"https:\/\/bocudo.com\/index.php?rest_route=\/wp\/v2\/posts"}],"about":[{"href":"https:\/\/bocudo.com\/index.php?rest_route=\/wp\/v2\/types\/post"}],"author":[{"embeddable":true,"href":"https:\/\/bocudo.com\/index.php?rest_route=\/wp\/v2\/users\/1"}],"replies":[{"embeddable":true,"href":"https:\/\/bocudo.com\/index.php?rest_route=%2Fwp%2Fv2%2Fcomments&post=1297384"}],"version-history":[{"count":4,"href":"https:\/\/bocudo.com\/index.php?rest_route=\/wp\/v2\/posts\/1297384\/revisions"}],"predecessor-version":[{"id":1384431,"href":"https:\/\/bocudo.com\/index.php?rest_route=\/wp\/v2\/posts\/1297384\/revisions\/1384431"}],"wp:featuredmedia":[{"embeddable":true,"href":"https:\/\/bocudo.com\/index.php?rest_route=\/wp\/v2\/media\/1298728"}],"wp:attachment":[{"href":"https:\/\/bocudo.com\/index.php?rest_route=%2Fwp%2Fv2%2Fmedia&parent=1297384"}],"wp:term":[{"taxonomy":"category","embeddable":true,"href":"https:\/\/bocudo.com\/index.php?rest_route=%2Fwp%2Fv2%2Fcategories&post=1297384"},{"taxonomy":"post_tag","embeddable":true,"href":"https:\/\/bocudo.com\/index.php?rest_route=%2Fwp%2Fv2%2Ftags&post=1297384"}],"curies":[{"name":"wp","href":"https:\/\/api.w.org\/{rel}","templated":true}]}}