{"id":1297376,"date":"2018-07-10T11:25:16","date_gmt":"2018-07-10T11:25:16","guid":{"rendered":"https:\/\/bocudo.com\/?p=1297376"},"modified":"2026-03-27T15:38:06","modified_gmt":"2026-03-27T18:38:06","slug":"suspeito-de-integrar-grupo-que-roubava-e-sequestrava-caminhoneiros-e-preso-no-df","status":"publish","type":"post","link":"https:\/\/bocudo.com\/?p=1297376","title":{"rendered":"Suspeito de integrar grupo que roubava e sequestrava caminhoneiros \u00e9 preso no DF"},"content":{"rendered":"<div style=\"text-align: center; margin: 20px 0;\"><script async src=\"https:\/\/pagead2.googlesyndication.com\/pagead\/js\/adsbygoogle.js?client=ca-pub-4475525115208877\" crossorigin=\"anonymous\"><\/script><br \/>\n<ins class=\"adsbygoogle\" style=\"display: block; text-align: center;\" data-ad-layout=\"in-article\" data-ad-format=\"fluid\" data-ad-client=\"ca-pub-4475525115208877\" data-ad-slot=\"7970302005\"><\/ins><br \/>\n<script>\n     (adsbygoogle = window.adsbygoogle || []).push({});\n<\/script><\/div>\n<p><img decoding=\"async\" src=\"https:\/\/s2-g1.glbimg.com\/EtDuPL5ST7gpYGjaUObWdQhYK_I=\/s.glbimg.com\/jo\/g1\/f\/original\/2016\/05\/08\/26281645556_6745bffaca_k.jpg\" \/><br \/>\nFachada do Departamento de Pol\u00edcia Especializada (DPE) do Distrito Federal<br \/>\nD\u00eanio Sim\u00f5es\/Ag\u00eancia Bras\u00edlia<\/p>\n<p>Um dos maiores adulteradores de ve\u00edculos de Bras\u00edlia e do Entorno do Distrito Federal, segundo a Pol\u00edcia Civil, foi preso nesta segunda-feira (9). Ronald Alessandro da Silva, de 48 anos, \u00e9 alvo da opera\u00e7\u00e3o VW 150. Ele \u00e9 suspeito de integrar um grupo que roubava, mediante restri\u00e7\u00e3o de liberdade das v\u00edtimas, caminh\u00f5es de alto valor. O G1 tenta contato com a defesa do suspeito.<br \/>\nDurante a a\u00e7\u00e3o da Pol\u00edcia Civil, conduzida pela Coordena\u00e7\u00e3o de Repress\u00e3o aos Crimes Patrimoniais (Corpatri), foram cumpridos cinco mandados de pris\u00e3o preventiva, dois de pris\u00e3o tempor\u00e1ria e cinco de busca e apreens\u00e3o em Planaltina, no DF, no Novo Gama, Valpara\u00edso e S\u00e3o Gabriel \u2013 munic\u00edpios de Goi\u00e1s.<br \/>\n\u201cNa opera\u00e7\u00e3o, encontramos cinco caminh\u00f5es com as placas adulterados e v\u00e1rios equipamentos usados para cometer as fraudes. Estimamos que, em um ano, Ronald Alessandro tenha adulterado pelo menos 20 ve\u00edculos\u201d, disse o delegado da Corpatri, Eduardo Alencastro Filho.<\/p>\n<p>O delegado informou que o suspeito j\u00e1 tinha passagens pela pol\u00edcia pelos crimes de adultera\u00e7\u00e3o, associa\u00e7\u00e3o criminosa e recepta\u00e7\u00e3o .<br \/>\nSegundo Eduardo Alencastro Filho, as investiga\u00e7\u00f5es foram iniciadas, em novembro do ano passado, ap\u00f3s um roubo em que os suspeitos mantiveram um caminhoneiro em cativeiro por cerca de oito horas. Na \u00e9poca, os agentes da Pol\u00edcia Civil encontraram o ve\u00edculo, cujo o modelo d\u00e1 nome \u00e0 opera\u00e7\u00e3o, em S\u00e3o Gabriel.<br \/>\nDe acordo com Eduardo Alencastro Filho, foram detidas cinco pessoas que dever\u00e3o responder pelo crime de roubo majorado pelo emprego de arma de fogo e restri\u00e7\u00e3o da liberdade. As penas podem variar de quatro a dez anos de reclus\u00e3o.<\/p>\n<p><img loading=\"lazy\" decoding=\"async\" class=\"alignnone size-full wp-image-1380021\" src=\"https:\/\/bocudo.com\/wp-content\/uploads\/2003\/04\/MINI-noticias-removebg.png\" alt=\"\" width=\"200\" height=\"200\" \/><\/p>\n<div style=\"text-align: center; margin: 20px 0;\"><script async src=\"https:\/\/pagead2.googlesyndication.com\/pagead\/js\/adsbygoogle.js?client=ca-pub-4475525115208877\" crossorigin=\"anonymous\"><\/script><br \/>\n<ins class=\"adsbygoogle\" style=\"display: block; text-align: center;\" data-ad-layout=\"in-article\" data-ad-format=\"fluid\" data-ad-client=\"ca-pub-4475525115208877\" data-ad-slot=\"7970302005\"><\/ins><br \/>\n<script>\n     (adsbygoogle = window.adsbygoogle || []).push({});\n<\/script><\/div>\n","protected":false},"excerpt":{"rendered":"<p>Fachada do Departamento de Pol\u00edcia Especializada (DPE) do Distrito Federal D\u00eanio Sim\u00f5es\/Ag\u00eancia Bras\u00edlia Um dos&#8230;<\/p>\n","protected":false},"author":1,"featured_media":1298716,"comment_status":"closed","ping_status":"closed","sticky":false,"template":"","format":"standard","meta":{"footnotes":""},"categories":[8202,8195,8223],"tags":[560,19611,19614,8702,7968,19613,1468,19610,19612],"class_list":["post-1297376","post","type-post","status-publish","format-standard","has-post-thumbnail","hentry","category-brasil","category-noticias","category-policia","tag-brasilia","tag-coordenacao-de-repressao-aos-crimes-patrimoniais-corpatri","tag-eduardo-alencastro-filho","tag-entorno-do-distrito-federal","tag-novo-gama","tag-planaltina","tag-policia-civil","tag-ronald-alessandro-da-silva","tag-valparaiso"],"_links":{"self":[{"href":"https:\/\/bocudo.com\/index.php?rest_route=\/wp\/v2\/posts\/1297376","targetHints":{"allow":["GET"]}}],"collection":[{"href":"https:\/\/bocudo.com\/index.php?rest_route=\/wp\/v2\/posts"}],"about":[{"href":"https:\/\/bocudo.com\/index.php?rest_route=\/wp\/v2\/types\/post"}],"author":[{"embeddable":true,"href":"https:\/\/bocudo.com\/index.php?rest_route=\/wp\/v2\/users\/1"}],"replies":[{"embeddable":true,"href":"https:\/\/bocudo.com\/index.php?rest_route=%2Fwp%2Fv2%2Fcomments&post=1297376"}],"version-history":[{"count":4,"href":"https:\/\/bocudo.com\/index.php?rest_route=\/wp\/v2\/posts\/1297376\/revisions"}],"predecessor-version":[{"id":1384421,"href":"https:\/\/bocudo.com\/index.php?rest_route=\/wp\/v2\/posts\/1297376\/revisions\/1384421"}],"wp:featuredmedia":[{"embeddable":true,"href":"https:\/\/bocudo.com\/index.php?rest_route=\/wp\/v2\/media\/1298716"}],"wp:attachment":[{"href":"https:\/\/bocudo.com\/index.php?rest_route=%2Fwp%2Fv2%2Fmedia&parent=1297376"}],"wp:term":[{"taxonomy":"category","embeddable":true,"href":"https:\/\/bocudo.com\/index.php?rest_route=%2Fwp%2Fv2%2Fcategories&post=1297376"},{"taxonomy":"post_tag","embeddable":true,"href":"https:\/\/bocudo.com\/index.php?rest_route=%2Fwp%2Fv2%2Ftags&post=1297376"}],"curies":[{"name":"wp","href":"https:\/\/api.w.org\/{rel}","templated":true}]}}