{"id":1297367,"date":"2018-07-13T23:00:09","date_gmt":"2018-07-13T23:00:09","guid":{"rendered":"https:\/\/bocudo.com\/?p=1297367"},"modified":"2026-03-27T16:18:09","modified_gmt":"2026-03-27T19:18:09","slug":"marco-aurelio-contraria-decisao-sobre-prisao-em-2a-instancia-ao-conceder-habeas-corpus-a-ex-braco-direito-de-beira-mar","status":"publish","type":"post","link":"https:\/\/bocudo.com\/?p=1297367","title":{"rendered":"Marco Aur\u00e9lio contraria decis\u00e3o sobre pris\u00e3o em 2\u00aa inst\u00e2ncia ao conceder habeas corpus a ex-bra\u00e7o-direito de Beira-Mar"},"content":{"rendered":"<div style=\"text-align: center; margin: 20px 0;\"><script async src=\"https:\/\/pagead2.googlesyndication.com\/pagead\/js\/adsbygoogle.js?client=ca-pub-4475525115208877\" crossorigin=\"anonymous\"><\/script><br \/>\n<ins class=\"adsbygoogle\" style=\"display: block; text-align: center;\" data-ad-layout=\"in-article\" data-ad-format=\"fluid\" data-ad-client=\"ca-pub-4475525115208877\" data-ad-slot=\"7970302005\"><\/ins><br \/>\n<script>\n     (adsbygoogle = window.adsbygoogle || []).push({});\n<\/script><\/div>\n<p><img decoding=\"async\" src=\"https:\/\/s2-g1.glbimg.com\/RRrsKtEACcRSxHA3UPjm-cMJ-do=\/s.glbimg.com\/jo\/g1\/f\/original\/2017\/09\/06\/marcoaurelio.jpg\" \/><br \/>\nEx-bra\u00e7o-direito do traficante Fernandinho Beira-mar \u00e9 solto irregularmente em GO<\/p>\n<p>Ao conceder um habeas corpus que beneficiou Leomar Oliveira Barbosa, o ministro Marco Aur\u00e9lio Mello, do Supremo Tribunal Federal, contrariou o entendimento da Corte que permite a execu\u00e7\u00e3o de pena ap\u00f3s condena\u00e7\u00e3o em segunda inst\u00e2ncia.<br \/>\nConhecido como &#8220;Playboy&#8221;, Barbosa cumpria pena por tr\u00e1fico de drogas e \u00e9 apontado como ex-bra\u00e7o-direito de Fernandinho Beira-Mar.<br \/>\nNa decis\u00e3o tomada em 20 de junho, Marco Aur\u00e9lio ordenou a soltura dele e de outros dois r\u00e9us do mesmo processo se n\u00e3o houvesse outra raz\u00e3o para eles permanecerem presos.<br \/>\nMas, em raz\u00e3o de um suposto erro, &#8220;Playboy&#8221; foi solto mesmo com outros mandados de pris\u00e3o em vigor.<\/p>\n<p><strong>A decis\u00e3o de Marco Aur\u00e9lio<\/strong><br \/>\nPara o ministro do STF, a pris\u00e3o dos tr\u00eas ap\u00f3s condena\u00e7\u00e3o em segunda inst\u00e2ncia representou &#8220;precipita\u00e7\u00e3o&#8221; da execu\u00e7\u00e3o provis\u00f3ria da pena.<br \/>\nNo entendimento de Marco Aur\u00e9lio, o plen\u00e1rio do STF ainda n\u00e3o se manifestou de forma definitiva sobre a validade do artigo 283 do C\u00f3digo de Processo Penal (CPC), segundo o qual ningu\u00e9m poder\u00e1 ser preso at\u00e9 o tr\u00e2nsito em julgado de uma a\u00e7\u00e3o, ou seja, at\u00e9 fim de todos os recursos \u2013 a n\u00e3o ser em casos de flagrante, pris\u00e3o preventiva ou tempor\u00e1ria.<br \/>\nMarco Aur\u00e9lio Mello destacou que, como ainda h\u00e1 recurso pendente de an\u00e1lise nesse processo, o que pode reverter a condena\u00e7\u00e3o, \u00e9 necess\u00e1rio aguardar, pois &#8220;\u00e9 imposs\u00edvel devolver a liberdade perdida ao cidad\u00e3o&#8221;.<br \/>\nExecu\u00e7\u00e3o da pena<br \/>\nNo despacho, o ministro afirmou, tamb\u00e9m, que ainda n\u00e3o h\u00e1 decis\u00e3o ampla do STF e de seguimento obrigat\u00f3rio sobre execu\u00e7\u00e3o de pena em segunda inst\u00e2ncia.<br \/>\nSegundo ele, isso foi decidido pelo plen\u00e1rio virtual em repercuss\u00e3o geral (quando os outros tribunais devem seguir o entendimento), mas o artigo 283 do CPC n\u00e3o foi derrubado porque isso n\u00e3o pode ser feito em sess\u00e3o n\u00e3o presencial.<br \/>\nLogo, na avalia\u00e7\u00e3o do ministro, a regra que prev\u00ea pris\u00e3o ap\u00f3s todos os recursos est\u00e1 em vigor.<\/p>\n<p>Marco Aur\u00e9lio aproveitou a decis\u00e3o para afirmar que, no julgamento do pedido de liberdade do ex-presidente Luiz In\u00e1cio Lula da Silva, o ministro Gilmar Mendes mostrou &#8220;evolu\u00e7\u00e3o&#8221; no entendimento sobre o tema.<br \/>\nOu seja, mostrou mudan\u00e7a no modo de pensar, o que pode alterar de novo o entendimento do plen\u00e1rio sobre pris\u00e3o em segunda inst\u00e2ncia em uma a\u00e7\u00e3o ampla e de decis\u00e3o vinculante.<br \/>\nMarco Aur\u00e9lio j\u00e1 cobrou publicamente o julgamento de tr\u00eas a\u00e7\u00f5es sob relatoria dele sobre pris\u00e3o em segunda inst\u00e2ncia e voltou a afirmar que j\u00e1 pediu data para an\u00e1lise do tema em plen\u00e1rio.<br \/>\nA presidente da Corte, C\u00e1rmen L\u00facia, j\u00e1 afirmou publicamente que n\u00e3o deve marcar o julgamento do caso novamente.<\/p>\n<p><img loading=\"lazy\" decoding=\"async\" class=\"alignnone size-full wp-image-1380021\" src=\"https:\/\/bocudo.com\/wp-content\/uploads\/2003\/04\/MINI-noticias-removebg.png\" alt=\"\" width=\"200\" height=\"200\" \/><\/p>\n<div style=\"text-align: center; margin: 20px 0;\"><script async src=\"https:\/\/pagead2.googlesyndication.com\/pagead\/js\/adsbygoogle.js?client=ca-pub-4475525115208877\" crossorigin=\"anonymous\"><\/script><br \/>\n<ins class=\"adsbygoogle\" style=\"display: block; text-align: center;\" data-ad-layout=\"in-article\" data-ad-format=\"fluid\" data-ad-client=\"ca-pub-4475525115208877\" data-ad-slot=\"7970302005\"><\/ins><br \/>\n<script>\n     (adsbygoogle = window.adsbygoogle || []).push({});\n<\/script><\/div>\n","protected":false},"excerpt":{"rendered":"<p>Ex-bra\u00e7o-direito do traficante Fernandinho Beira-mar \u00e9 solto irregularmente em GO Ao conceder um habeas corpus&#8230;<\/p>\n","protected":false},"author":1,"featured_media":1298742,"comment_status":"closed","ping_status":"closed","sticky":false,"template":"","format":"standard","meta":{"footnotes":""},"categories":[8202,8212,8195],"tags":[7519,19633,19239,19237,19632,1118,727,19631],"class_list":["post-1297367","post","type-post","status-publish","format-standard","has-post-thumbnail","hentry","category-brasil","category-justica","category-noticias","tag-carmen-lucia","tag-codigo-de-processo-penal-cpc","tag-fernandinho-beira-mar","tag-leomar-oliveira-barbosa","tag-ministro-marco-aurelio-mello","tag-stf","tag-supremo-tribunal-federal","tag-traficante-fernandinho-beira-mar"],"_links":{"self":[{"href":"https:\/\/bocudo.com\/index.php?rest_route=\/wp\/v2\/posts\/1297367","targetHints":{"allow":["GET"]}}],"collection":[{"href":"https:\/\/bocudo.com\/index.php?rest_route=\/wp\/v2\/posts"}],"about":[{"href":"https:\/\/bocudo.com\/index.php?rest_route=\/wp\/v2\/types\/post"}],"author":[{"embeddable":true,"href":"https:\/\/bocudo.com\/index.php?rest_route=\/wp\/v2\/users\/1"}],"replies":[{"embeddable":true,"href":"https:\/\/bocudo.com\/index.php?rest_route=%2Fwp%2Fv2%2Fcomments&post=1297367"}],"version-history":[{"count":4,"href":"https:\/\/bocudo.com\/index.php?rest_route=\/wp\/v2\/posts\/1297367\/revisions"}],"predecessor-version":[{"id":1384436,"href":"https:\/\/bocudo.com\/index.php?rest_route=\/wp\/v2\/posts\/1297367\/revisions\/1384436"}],"wp:featuredmedia":[{"embeddable":true,"href":"https:\/\/bocudo.com\/index.php?rest_route=\/wp\/v2\/media\/1298742"}],"wp:attachment":[{"href":"https:\/\/bocudo.com\/index.php?rest_route=%2Fwp%2Fv2%2Fmedia&parent=1297367"}],"wp:term":[{"taxonomy":"category","embeddable":true,"href":"https:\/\/bocudo.com\/index.php?rest_route=%2Fwp%2Fv2%2Fcategories&post=1297367"},{"taxonomy":"post_tag","embeddable":true,"href":"https:\/\/bocudo.com\/index.php?rest_route=%2Fwp%2Fv2%2Ftags&post=1297367"}],"curies":[{"name":"wp","href":"https:\/\/api.w.org\/{rel}","templated":true}]}}