{"id":1295582,"date":"2022-09-26T21:19:46","date_gmt":"2022-09-26T21:19:46","guid":{"rendered":"https:\/\/bocudo.com\/?p=1295582"},"modified":"2026-02-13T10:04:11","modified_gmt":"2026-02-13T13:04:11","slug":"parque-da-cidade-no-coracao-de-brasilia","status":"publish","type":"post","link":"https:\/\/bocudo.com\/?p=1295582","title":{"rendered":"Parque da Cidade: no cora\u00e7\u00e3o de Bras\u00edlia"},"content":{"rendered":"<div style=\"text-align: center; margin: 20px 0;\"><script async src=\"https:\/\/pagead2.googlesyndication.com\/pagead\/js\/adsbygoogle.js?client=ca-pub-4475525115208877\" crossorigin=\"anonymous\"><\/script><br \/>\n<ins class=\"adsbygoogle\" style=\"display: block; text-align: center;\" data-ad-layout=\"in-article\" data-ad-format=\"fluid\" data-ad-client=\"ca-pub-4475525115208877\" data-ad-slot=\"7970302005\"><\/ins><br \/>\n<script>\n     (adsbygoogle = window.adsbygoogle || []).push({});\n<\/script><\/div>\n<p>No in\u00edcio da d\u00e9cada de 70, Bras\u00edlia estava passando por grande expans\u00e3o urbana e habitacional. A cidade crescia cada vez mais e precisava de equipamentos p\u00fablicos \u00e0 altura daquele novo momento. Foi ent\u00e3o que o governador <strong>Elmo Serejo Farias<\/strong> decidiu criar um parque na Asa Sul para oferecer lazer e entretenimento \u00e0 popula\u00e7\u00e3o, servindo tamb\u00e9m, por ser um local bastante arborizado, para amenizar os efeitos da seca e do calor do Cerrado.<\/p>\n<figure class=\"wp-block-image size-large\"><img loading=\"lazy\" decoding=\"async\" class=\"wp-image-911\" src=\"https:\/\/historiasdebrasilia.com\/wp-content\/uploads\/2022\/09\/futuro-parque-1974.png?w=934\" alt=\"\" width=\"934\" height=\"520\" data-attachment-id=\"911\" data-permalink=\"https:\/\/historiasdebrasilia.com\/2022\/09\/26\/parque-da-cidade-no-coracao-de-brasilia\/futuro-parque-1974\/\" data-orig-file=\"https:\/\/historiasdebrasilia.com\/wp-content\/uploads\/2022\/09\/futuro-parque-1974.png\" data-orig-size=\"934,520\" data-comments-opened=\"1\" data-image-meta=\"{&quot;aperture&quot;:&quot;0&quot;,&quot;credit&quot;:&quot;&quot;,&quot;camera&quot;:&quot;&quot;,&quot;caption&quot;:&quot;&quot;,&quot;created_timestamp&quot;:&quot;0&quot;,&quot;copyright&quot;:&quot;&quot;,&quot;focal_length&quot;:&quot;0&quot;,&quot;iso&quot;:&quot;0&quot;,&quot;shutter_speed&quot;:&quot;0&quot;,&quot;title&quot;:&quot;&quot;,&quot;orientation&quot;:&quot;0&quot;}\" data-image-title=\"futuro-parque-1974\" data-image-description=\"\" data-image-caption=\"\" data-medium-file=\"https:\/\/historiasdebrasilia.com\/wp-content\/uploads\/2022\/09\/futuro-parque-1974.png?w=300\" data-large-file=\"https:\/\/historiasdebrasilia.com\/wp-content\/uploads\/2022\/09\/futuro-parque-1974.png?w=934\" \/><figcaption class=\"wp-element-caption\">Local de constru\u00e7\u00e3o do futuro parque em 1973<\/figcaption><\/figure>\n<p>Nascia, ent\u00e3o, o <strong>Parque da Cidade<\/strong>, inaugurado no dia 11 de outubro de 1978 com o nome de <strong>Rog\u00e9rio Pithon Farias<\/strong>, homenagem ao filho do governador que havia morrido em um acidente de carro h\u00e1 pouco tempo. O projeto urban\u00edstico foi feito por <strong>Lucio Costa<\/strong>, com pr\u00e9dios dos arquitetos <strong>Oscar Niemeyer<\/strong> e <strong>Glauco Campelo<\/strong>, azulejos de <strong>Athos Bulc\u00e3o<\/strong> e paisagismo de <strong>Burle Marx<\/strong>.<\/p>\n<figure class=\"wp-block-image size-large\"><img loading=\"lazy\" decoding=\"async\" class=\"wp-image-913\" src=\"https:\/\/historiasdebrasilia.com\/wp-content\/uploads\/2022\/09\/parque_do_parque_recreativo_brasc3adlia_df_05_11_74_foto_joaquim.jpg?w=700\" alt=\"\" width=\"700\" height=\"718\" data-attachment-id=\"913\" data-permalink=\"https:\/\/historiasdebrasilia.com\/2022\/09\/26\/parque-da-cidade-no-coracao-de-brasilia\/parque_do_parque_recreativo_brasc3adlia_df_05_11_74_foto_joaquim\/\" data-orig-file=\"https:\/\/historiasdebrasilia.com\/wp-content\/uploads\/2022\/09\/parque_do_parque_recreativo_brasc3adlia_df_05_11_74_foto_joaquim.jpg\" data-orig-size=\"700,718\" data-comments-opened=\"1\" data-image-meta=\"{&quot;aperture&quot;:&quot;0&quot;,&quot;credit&quot;:&quot;&quot;,&quot;camera&quot;:&quot;Nikon SUPER COOLSCAN 9000 ED&quot;,&quot;caption&quot;:&quot;&quot;,&quot;created_timestamp&quot;:&quot;0&quot;,&quot;copyright&quot;:&quot;&quot;,&quot;focal_length&quot;:&quot;0&quot;,&quot;iso&quot;:&quot;0&quot;,&quot;shutter_speed&quot;:&quot;0&quot;,&quot;title&quot;:&quot;&quot;,&quot;orientation&quot;:&quot;1&quot;}\" data-image-title=\"parque_do_parque_recreativo_brasc3adlia_df_05_11_74_foto_joaquim\" data-image-description=\"\" data-image-caption=\"\" data-medium-file=\"https:\/\/historiasdebrasilia.com\/wp-content\/uploads\/2022\/09\/parque_do_parque_recreativo_brasc3adlia_df_05_11_74_foto_joaquim.jpg?w=292\" data-large-file=\"https:\/\/historiasdebrasilia.com\/wp-content\/uploads\/2022\/09\/parque_do_parque_recreativo_brasc3adlia_df_05_11_74_foto_joaquim.jpg?w=700\" \/><figcaption class=\"wp-element-caption\">Jornalistas e autoridades visitam as obras do parque em 1974<\/figcaption><\/figure>\n<figure class=\"wp-block-image size-large\"><img loading=\"lazy\" decoding=\"async\" class=\"wp-image-915\" src=\"https:\/\/historiasdebrasilia.com\/wp-content\/uploads\/2022\/09\/022920_scs_if_7_6_c_14_inaugurac3a7c3a3o_do_parque_recreativo_pithon_farias_brasilia_df_11_10_1978.jpg?w=907\" alt=\"\" width=\"907\" height=\"655\" data-attachment-id=\"915\" data-permalink=\"https:\/\/historiasdebrasilia.com\/2022\/09\/26\/parque-da-cidade-no-coracao-de-brasilia\/022920_scs_if_7_6_c_14_inaugurac3a7c3a3o_do_parque_recreativo_pithon_farias_brasilia_df_11_10_1978\/\" data-orig-file=\"https:\/\/historiasdebrasilia.com\/wp-content\/uploads\/2022\/09\/022920_scs_if_7_6_c_14_inaugurac3a7c3a3o_do_parque_recreativo_pithon_farias_brasilia_df_11_10_1978.jpg\" data-orig-size=\"907,655\" data-comments-opened=\"1\" data-image-meta=\"{&quot;aperture&quot;:&quot;0&quot;,&quot;credit&quot;:&quot;&quot;,&quot;camera&quot;:&quot;Nikon SUPER COOLSCAN 9000 ED&quot;,&quot;caption&quot;:&quot;&quot;,&quot;created_timestamp&quot;:&quot;0&quot;,&quot;copyright&quot;:&quot;&quot;,&quot;focal_length&quot;:&quot;0&quot;,&quot;iso&quot;:&quot;0&quot;,&quot;shutter_speed&quot;:&quot;0&quot;,&quot;title&quot;:&quot;&quot;,&quot;orientation&quot;:&quot;1&quot;}\" data-image-title=\"022920_scs_if_7_6_c_14_inaugurac3a7c3a3o_do_parque_recreativo_pithon_farias_brasilia_df_11_10_1978\" data-image-description=\"\" data-image-caption=\"\" data-medium-file=\"https:\/\/historiasdebrasilia.com\/wp-content\/uploads\/2022\/09\/022920_scs_if_7_6_c_14_inaugurac3a7c3a3o_do_parque_recreativo_pithon_farias_brasilia_df_11_10_1978.jpg?w=300\" data-large-file=\"https:\/\/historiasdebrasilia.com\/wp-content\/uploads\/2022\/09\/022920_scs_if_7_6_c_14_inaugurac3a7c3a3o_do_parque_recreativo_pithon_farias_brasilia_df_11_10_1978.jpg?w=907\" \/><figcaption class=\"wp-element-caption\">Pra\u00e7a das Fontes no dia da inaugura\u00e7\u00e3o do parque em 1978<\/figcaption><\/figure>\n<p>A abertura do parque foi um grande evento na cidade, atraindo milhares de pessoas para a <strong>Pra\u00e7a das Fontes<\/strong> \u2013 onde aconteceram espet\u00e1culos musicais \u2013 e para a <strong>Piscina com Ondas<\/strong>, a primeira do g\u00eanero na Am\u00e9rica Latina e que contava com um equipamento para simular ondas com cerca de 1 metro de altura. Um grande sucesso que atra\u00eda multid\u00f5es todos os fins de semana.<\/p>\n<figure class=\"wp-block-image size-large\"><img loading=\"lazy\" decoding=\"async\" class=\"wp-image-919\" src=\"https:\/\/historiasdebrasilia.com\/wp-content\/uploads\/2022\/09\/carla-denise-1980.jpg?w=1024\" alt=\"\" width=\"1024\" height=\"674\" data-attachment-id=\"919\" data-permalink=\"https:\/\/historiasdebrasilia.com\/2022\/09\/26\/parque-da-cidade-no-coracao-de-brasilia\/carla-denise-1980\/\" data-orig-file=\"https:\/\/historiasdebrasilia.com\/wp-content\/uploads\/2022\/09\/carla-denise-1980.jpg\" data-orig-size=\"1960,1291\" data-comments-opened=\"1\" data-image-meta=\"{&quot;aperture&quot;:&quot;0&quot;,&quot;credit&quot;:&quot;&quot;,&quot;camera&quot;:&quot;&quot;,&quot;caption&quot;:&quot;&quot;,&quot;created_timestamp&quot;:&quot;0&quot;,&quot;copyright&quot;:&quot;&quot;,&quot;focal_length&quot;:&quot;0&quot;,&quot;iso&quot;:&quot;0&quot;,&quot;shutter_speed&quot;:&quot;0&quot;,&quot;title&quot;:&quot;&quot;,&quot;orientation&quot;:&quot;1&quot;}\" data-image-title=\"carla-denise-1980\" data-image-description=\"\" data-image-caption=\"\" data-medium-file=\"https:\/\/historiasdebrasilia.com\/wp-content\/uploads\/2022\/09\/carla-denise-1980.jpg?w=300\" data-large-file=\"https:\/\/historiasdebrasilia.com\/wp-content\/uploads\/2022\/09\/carla-denise-1980.jpg?w=1024\" \/><figcaption class=\"wp-element-caption\">A Piscina com Ondas foi a grande atra\u00e7\u00e3o do Parque da Cidade por muitos anos<\/figcaption><\/figure>\n<p>Ao longo dos anos, o parque se estabeleceu como o principal ponto de encontro de brasilienses de todas as idades, contando com quadras poliesportivas, lagos artificiais, pistas de corrida, pedalinhos, centro h\u00edpico, kart\u00f3dromo, bicicletas para alugar e v\u00e1rias outras comodidades. Seus 420 hectares de \u00e1rea verde \u2013 considerado o maior parque urbano da Am\u00e9rica do Sul \u2013 j\u00e1 era parte definitiva do cotidiano candango.<\/p>\n<p>Tamb\u00e9m \u00e9 importante lembrar que o local incorporou dois outros parques que j\u00e1 existiam por ali antes de 1978: o <strong>Parque Ana L\u00eddia<\/strong>, onde fica o famoso <strong>Foguetinho<\/strong>, e o <strong>Nicol\u00e2ndia<\/strong>, o primeiro parque de divers\u00f5es de Bras\u00edlia.<\/p>\n<figure class=\"wp-block-image size-large\"><img loading=\"lazy\" decoding=\"async\" class=\"wp-image-917\" src=\"https:\/\/historiasdebrasilia.com\/wp-content\/uploads\/2022\/09\/51178047330_ae8451b6a7_o.jpg?w=683\" alt=\"\" width=\"683\" height=\"1024\" data-attachment-id=\"917\" data-permalink=\"https:\/\/historiasdebrasilia.com\/2022\/09\/26\/parque-da-cidade-no-coracao-de-brasilia\/51178047330_ae8451b6a7_o\/\" data-orig-file=\"https:\/\/historiasdebrasilia.com\/wp-content\/uploads\/2022\/09\/51178047330_ae8451b6a7_o.jpg\" data-orig-size=\"3543,5315\" data-comments-opened=\"1\" data-image-meta=\"{&quot;aperture&quot;:&quot;0&quot;,&quot;credit&quot;:&quot;&quot;,&quot;camera&quot;:&quot;&quot;,&quot;caption&quot;:&quot;&quot;,&quot;created_timestamp&quot;:&quot;0&quot;,&quot;copyright&quot;:&quot;&quot;,&quot;focal_length&quot;:&quot;0&quot;,&quot;iso&quot;:&quot;0&quot;,&quot;shutter_speed&quot;:&quot;0&quot;,&quot;title&quot;:&quot;&quot;,&quot;orientation&quot;:&quot;1&quot;}\" data-image-title=\"51178047330_ae8451b6a7_o\" data-image-description=\"\" data-image-caption=\"\" data-medium-file=\"https:\/\/historiasdebrasilia.com\/wp-content\/uploads\/2022\/09\/51178047330_ae8451b6a7_o.jpg?w=200\" data-large-file=\"https:\/\/historiasdebrasilia.com\/wp-content\/uploads\/2022\/09\/51178047330_ae8451b6a7_o.jpg?w=683\" \/><figcaption class=\"wp-element-caption\">O Parque Ana L\u00eddia j\u00e1 funcionava no local desde 1969<\/figcaption><\/figure>\n<p>Nos anos 80, o Parque da Cidade ficou nacionalmente famoso com a m\u00fasica \u201cEduardo e M\u00f4nica\u201d, da banda <strong>Legi\u00e3o Urbana<\/strong>, pois fora o lugar escolhido como ponto de encontro do casal na hist\u00f3ria. H\u00e1 no parque, inclusive, um monumento em homenagem \u00e0 can\u00e7\u00e3o com sua partitura gravada em uma escultura de ferro.<\/p>\n<figure class=\"wp-block-image size-large\"><img loading=\"lazy\" decoding=\"async\" class=\"wp-image-921\" src=\"https:\/\/historiasdebrasilia.com\/wp-content\/uploads\/2022\/09\/monumento-eduardo-e-monica-mara-mendes.jpg?w=1024\" alt=\"\" width=\"1024\" height=\"768\" data-attachment-id=\"921\" data-permalink=\"https:\/\/historiasdebrasilia.com\/2022\/09\/26\/parque-da-cidade-no-coracao-de-brasilia\/monumento-eduardo-e-monica-mara-mendes\/\" data-orig-file=\"https:\/\/historiasdebrasilia.com\/wp-content\/uploads\/2022\/09\/monumento-eduardo-e-monica-mara-mendes.jpg\" data-orig-size=\"1920,1440\" data-comments-opened=\"1\" data-image-meta=\"{&quot;aperture&quot;:&quot;0&quot;,&quot;credit&quot;:&quot;&quot;,&quot;camera&quot;:&quot;&quot;,&quot;caption&quot;:&quot;&quot;,&quot;created_timestamp&quot;:&quot;0&quot;,&quot;copyright&quot;:&quot;&quot;,&quot;focal_length&quot;:&quot;0&quot;,&quot;iso&quot;:&quot;0&quot;,&quot;shutter_speed&quot;:&quot;0&quot;,&quot;title&quot;:&quot;&quot;,&quot;orientation&quot;:&quot;0&quot;}\" data-image-title=\"monumento-eduardo-e-monica-mara-mendes\" data-image-description=\"\" data-image-caption=\"\" data-medium-file=\"https:\/\/historiasdebrasilia.com\/wp-content\/uploads\/2022\/09\/monumento-eduardo-e-monica-mara-mendes.jpg?w=300\" data-large-file=\"https:\/\/historiasdebrasilia.com\/wp-content\/uploads\/2022\/09\/monumento-eduardo-e-monica-mara-mendes.jpg?w=1024\" \/><figcaption class=\"wp-element-caption\">Pra\u00e7a Eduardo e M\u00f4nica com monumento de autoria da artista pl\u00e1stica Mara Mendes<\/figcaption><\/figure>\n<p>J\u00e1 em 1997 houve uma mudan\u00e7a de nome: de Rog\u00e9rio Pithon Farias para <strong>Sarah Kubitschek<\/strong>. Ano que marcou, tamb\u00e9m, o fim da Piscina com Ondas.<\/p>\n<p>Recentemente, o parque passou por reformas para ampliar a acessibilidade, aumentar o n\u00famero de pistas e ciclovias e recuperar as quadras de esportes. E j\u00e1 foi anunciada pelo GDF a volta da Piscina com Ondas, totalmente reformulada e com novas atra\u00e7\u00f5es.<\/p>\n<figure class=\"wp-block-image size-large\"><img loading=\"lazy\" decoding=\"async\" class=\"wp-image-923\" src=\"https:\/\/historiasdebrasilia.com\/wp-content\/uploads\/2022\/09\/parque2022.jpg?w=1024\" alt=\"\" width=\"1024\" height=\"768\" data-attachment-id=\"923\" data-permalink=\"https:\/\/historiasdebrasilia.com\/2022\/09\/26\/parque-da-cidade-no-coracao-de-brasilia\/parque2022\/\" data-orig-file=\"https:\/\/historiasdebrasilia.com\/wp-content\/uploads\/2022\/09\/parque2022.jpg\" data-orig-size=\"4032,3024\" data-comments-opened=\"1\" data-image-meta=\"{&quot;aperture&quot;:&quot;1.8&quot;,&quot;credit&quot;:&quot;&quot;,&quot;camera&quot;:&quot;iPhone 11 Pro Max&quot;,&quot;caption&quot;:&quot;&quot;,&quot;created_timestamp&quot;:&quot;1651920956&quot;,&quot;copyright&quot;:&quot;&quot;,&quot;focal_length&quot;:&quot;4.25&quot;,&quot;iso&quot;:&quot;32&quot;,&quot;shutter_speed&quot;:&quot;0.00019098548510313&quot;,&quot;title&quot;:&quot;&quot;,&quot;orientation&quot;:&quot;1&quot;}\" data-image-title=\"parque2022\" data-image-description=\"\" data-image-caption=\"\" data-medium-file=\"https:\/\/historiasdebrasilia.com\/wp-content\/uploads\/2022\/09\/parque2022.jpg?w=300\" data-large-file=\"https:\/\/historiasdebrasilia.com\/wp-content\/uploads\/2022\/09\/parque2022.jpg?w=1024\" \/><figcaption class=\"wp-element-caption\">O parque \u00e9, atualmente, uma das grandes op\u00e7\u00f5es de lazer para o brasiliense<\/figcaption><\/figure>\n<p>O Parque da Cidade \u00e9 um sucesso h\u00e1 quase 45 anos e uma prova de que a mem\u00f3ria afetiva do morador de Bras\u00edlia consegue conviver em harmonia com as necessidades e mudan\u00e7as dos tempos modernos.<\/p>\n<p><strong>Fonte:<\/strong><a href=\"https:\/\/historiasdebrasilia.com\/\" target=\"_blank\" rel=\"noopener\">https:\/\/historiasdebrasilia.com\/<\/a><\/p>\n<div style=\"text-align: center; margin: 20px 0;\"><script async src=\"https:\/\/pagead2.googlesyndication.com\/pagead\/js\/adsbygoogle.js?client=ca-pub-4475525115208877\" crossorigin=\"anonymous\"><\/script><br \/>\n<ins class=\"adsbygoogle\" style=\"display: block; text-align: center;\" data-ad-layout=\"in-article\" data-ad-format=\"fluid\" data-ad-client=\"ca-pub-4475525115208877\" data-ad-slot=\"7970302005\"><\/ins><br \/>\n<script>\n     (adsbygoogle = window.adsbygoogle || []).push({});\n<\/script><\/div>\n","protected":false},"excerpt":{"rendered":"<p>No in\u00edcio da d\u00e9cada de 70, Bras\u00edlia estava passando por grande expans\u00e3o urbana e habitacional&#8230;.<\/p>\n","protected":false},"author":1,"featured_media":1298999,"comment_status":"closed","ping_status":"closed","sticky":false,"template":"","format":"standard","meta":{"footnotes":""},"categories":[8197,19552,8277],"tags":[558,19755,560,19756,991,19752,19759,19754,933,19659,19760,19646,18914,19245,19758,19757,19753,19761],"class_list":["post-1295582","post","type-post","status-publish","format-standard","has-post-thumbnail","hentry","category-conhecimento-e-curiosidades","category-fatos-historicos","category-historia","tag-asa-sul","tag-athos-bulcao","tag-brasilia","tag-burle-marx","tag-cerrado","tag-elmo-serejo-farias","tag-foguetinho","tag-glauco-campelo","tag-legiao-urbana","tag-lucio-costa","tag-nicolandia","tag-oscar-niemeyer","tag-parque-ana-lidia","tag-parque-da-cidade","tag-piscina-com-ondas","tag-praca-das-fontes","tag-rogerio-pithon-farias","tag-sarah-kubitschek"],"_links":{"self":[{"href":"https:\/\/bocudo.com\/index.php?rest_route=\/wp\/v2\/posts\/1295582","targetHints":{"allow":["GET"]}}],"collection":[{"href":"https:\/\/bocudo.com\/index.php?rest_route=\/wp\/v2\/posts"}],"about":[{"href":"https:\/\/bocudo.com\/index.php?rest_route=\/wp\/v2\/types\/post"}],"author":[{"embeddable":true,"href":"https:\/\/bocudo.com\/index.php?rest_route=\/wp\/v2\/users\/1"}],"replies":[{"embeddable":true,"href":"https:\/\/bocudo.com\/index.php?rest_route=%2Fwp%2Fv2%2Fcomments&post=1295582"}],"version-history":[{"count":3,"href":"https:\/\/bocudo.com\/index.php?rest_route=\/wp\/v2\/posts\/1295582\/revisions"}],"predecessor-version":[{"id":1299000,"href":"https:\/\/bocudo.com\/index.php?rest_route=\/wp\/v2\/posts\/1295582\/revisions\/1299000"}],"wp:featuredmedia":[{"embeddable":true,"href":"https:\/\/bocudo.com\/index.php?rest_route=\/wp\/v2\/media\/1298999"}],"wp:attachment":[{"href":"https:\/\/bocudo.com\/index.php?rest_route=%2Fwp%2Fv2%2Fmedia&parent=1295582"}],"wp:term":[{"taxonomy":"category","embeddable":true,"href":"https:\/\/bocudo.com\/index.php?rest_route=%2Fwp%2Fv2%2Fcategories&post=1295582"},{"taxonomy":"post_tag","embeddable":true,"href":"https:\/\/bocudo.com\/index.php?rest_route=%2Fwp%2Fv2%2Ftags&post=1295582"}],"curies":[{"name":"wp","href":"https:\/\/api.w.org\/{rel}","templated":true}]}}