{"id":1295581,"date":"2022-11-04T21:22:19","date_gmt":"2022-11-04T21:22:19","guid":{"rendered":"https:\/\/bocudo.com\/?p=1295581"},"modified":"2026-02-13T11:00:55","modified_gmt":"2026-02-13T14:00:55","slug":"quadras-de-brasilia-305-sul","status":"publish","type":"post","link":"https:\/\/bocudo.com\/?p=1295581","title":{"rendered":"Quadras de Bras\u00edlia: 305 Sul"},"content":{"rendered":"<div style=\"text-align: center; margin: 20px 0;\"><script async src=\"https:\/\/pagead2.googlesyndication.com\/pagead\/js\/adsbygoogle.js?client=ca-pub-4475525115208877\" crossorigin=\"anonymous\"><\/script><br \/>\n<ins class=\"adsbygoogle\" style=\"display: block; text-align: center;\" data-ad-layout=\"in-article\" data-ad-format=\"fluid\" data-ad-client=\"ca-pub-4475525115208877\" data-ad-slot=\"7970302005\"><\/ins><br \/>\n<script>\n     (adsbygoogle = window.adsbygoogle || []).push({});\n<\/script><\/div>\n<p>A <strong>305 Sul<\/strong> \u00e9 uma das quadras mais tradicionais de Bras\u00edlia. Constru\u00edda inteiramente pelo <strong>Instituto de Aposentadoria e Pens\u00e3o dos Industri\u00e1rios \u2013 IAPI<\/strong>, come\u00e7ou a ser erguida em 1960.<\/p>\n<p>Todos os seus blocos foram projetados pelo arquiteto <strong>H\u00e9lio Uch\u00f4a<\/strong>, seguindo o mesmo planejamento que ele j\u00e1 havia realizado para a <strong>105 Sul<\/strong> pouco tempo antes. Mas, na 305 Sul, para reduzir os custos, foram feitas modifica\u00e7\u00f5es nos acabamentos e esquadrias.<\/p>\n<figure class=\"wp-block-image size-large\"><img loading=\"lazy\" decoding=\"async\" class=\"wp-image-930\" src=\"https:\/\/historiasdebrasilia.com\/wp-content\/uploads\/2022\/11\/305-1.jpg?w=768\" alt=\"\" width=\"768\" height=\"1024\" data-attachment-id=\"930\" data-permalink=\"https:\/\/historiasdebrasilia.com\/2022\/11\/04\/quadras-de-brasilia-305-sul\/305-1\/\" data-orig-file=\"https:\/\/historiasdebrasilia.com\/wp-content\/uploads\/2022\/11\/305-1.jpg\" data-orig-size=\"3024,4032\" data-comments-opened=\"1\" data-image-meta=\"{&quot;aperture&quot;:&quot;2.4&quot;,&quot;credit&quot;:&quot;&quot;,&quot;camera&quot;:&quot;iPhone 11 Pro Max&quot;,&quot;caption&quot;:&quot;&quot;,&quot;created_timestamp&quot;:&quot;1604763332&quot;,&quot;copyright&quot;:&quot;&quot;,&quot;focal_length&quot;:&quot;1.54&quot;,&quot;iso&quot;:&quot;20&quot;,&quot;shutter_speed&quot;:&quot;0.0011467889908257&quot;,&quot;title&quot;:&quot;&quot;,&quot;orientation&quot;:&quot;1&quot;}\" data-image-title=\"305-1\" data-image-description=\"\" data-image-caption=\"\" data-medium-file=\"https:\/\/historiasdebrasilia.com\/wp-content\/uploads\/2022\/11\/305-1.jpg?w=225\" data-large-file=\"https:\/\/historiasdebrasilia.com\/wp-content\/uploads\/2022\/11\/305-1.jpg?w=768\" \/><\/figure>\n<figure class=\"wp-block-image size-large\"><img loading=\"lazy\" decoding=\"async\" class=\"wp-image-933\" src=\"https:\/\/historiasdebrasilia.com\/wp-content\/uploads\/2022\/11\/305-5.jpg?w=768\" alt=\"\" width=\"768\" height=\"1024\" data-attachment-id=\"933\" data-permalink=\"https:\/\/historiasdebrasilia.com\/2022\/11\/04\/quadras-de-brasilia-305-sul\/305-5\/\" data-orig-file=\"https:\/\/historiasdebrasilia.com\/wp-content\/uploads\/2022\/11\/305-5.jpg\" data-orig-size=\"3024,4032\" data-comments-opened=\"1\" data-image-meta=\"{&quot;aperture&quot;:&quot;2.4&quot;,&quot;credit&quot;:&quot;&quot;,&quot;camera&quot;:&quot;iPhone 11 Pro Max&quot;,&quot;caption&quot;:&quot;&quot;,&quot;created_timestamp&quot;:&quot;1604763360&quot;,&quot;copyright&quot;:&quot;&quot;,&quot;focal_length&quot;:&quot;1.54&quot;,&quot;iso&quot;:&quot;32&quot;,&quot;shutter_speed&quot;:&quot;0.0081967213114754&quot;,&quot;title&quot;:&quot;&quot;,&quot;orientation&quot;:&quot;1&quot;}\" data-image-title=\"305-5\" data-image-description=\"\" data-image-caption=\"\" data-medium-file=\"https:\/\/historiasdebrasilia.com\/wp-content\/uploads\/2022\/11\/305-5.jpg?w=225\" data-large-file=\"https:\/\/historiasdebrasilia.com\/wp-content\/uploads\/2022\/11\/305-5.jpg?w=768\" \/><figcaption class=\"wp-element-caption\">Os blocos da 305 Sul seguiram o mesmo projeto da 105 Sul<\/figcaption><\/figure>\n<p>A quadra foi conclu\u00edda em <strong>1962<\/strong> e tem apartamentos de 3 e 4 quartos. Os blocos A, B, C, D, E, G, H e I t\u00eam 3 dormit\u00f3rios (<strong>133,53 m<sup>2<\/sup><\/strong>). Os blocos J e K contam com 4 quartos (<strong>169,03 m<sup>2<\/sup><\/strong>).<\/p>\n<figure class=\"wp-block-image size-large\"><img loading=\"lazy\" decoding=\"async\" class=\"wp-image-931\" src=\"https:\/\/historiasdebrasilia.com\/wp-content\/uploads\/2022\/11\/305-3.jpg?w=768\" alt=\"\" width=\"768\" height=\"1024\" data-attachment-id=\"931\" data-permalink=\"https:\/\/historiasdebrasilia.com\/2022\/11\/04\/quadras-de-brasilia-305-sul\/305-3\/\" data-orig-file=\"https:\/\/historiasdebrasilia.com\/wp-content\/uploads\/2022\/11\/305-3.jpg\" data-orig-size=\"3024,4032\" data-comments-opened=\"1\" data-image-meta=\"{&quot;aperture&quot;:&quot;1.8&quot;,&quot;credit&quot;:&quot;&quot;,&quot;camera&quot;:&quot;iPhone 11 Pro Max&quot;,&quot;caption&quot;:&quot;&quot;,&quot;created_timestamp&quot;:&quot;1604767670&quot;,&quot;copyright&quot;:&quot;&quot;,&quot;focal_length&quot;:&quot;4.25&quot;,&quot;iso&quot;:&quot;32&quot;,&quot;shutter_speed&quot;:&quot;0.0045045045045045&quot;,&quot;title&quot;:&quot;&quot;,&quot;orientation&quot;:&quot;1&quot;}\" data-image-title=\"305-3\" data-image-description=\"\" data-image-caption=\"\" data-medium-file=\"https:\/\/historiasdebrasilia.com\/wp-content\/uploads\/2022\/11\/305-3.jpg?w=225\" data-large-file=\"https:\/\/historiasdebrasilia.com\/wp-content\/uploads\/2022\/11\/305-3.jpg?w=768\" \/><figcaption class=\"wp-element-caption\">A 305 Sul tem apartamentos de 3 e 4 quartos<\/figcaption><\/figure>\n<figure class=\"wp-block-image size-large\"><img loading=\"lazy\" decoding=\"async\" class=\"wp-image-947\" src=\"https:\/\/historiasdebrasilia.com\/wp-content\/uploads\/2022\/11\/planta-305-sul.jpg?w=829\" alt=\"\" width=\"829\" height=\"850\" data-attachment-id=\"947\" data-permalink=\"https:\/\/historiasdebrasilia.com\/2022\/11\/04\/quadras-de-brasilia-305-sul\/planta-305-sul\/\" data-orig-file=\"https:\/\/historiasdebrasilia.com\/wp-content\/uploads\/2022\/11\/planta-305-sul.jpg\" data-orig-size=\"829,850\" data-comments-opened=\"1\" data-image-meta=\"{&quot;aperture&quot;:&quot;0&quot;,&quot;credit&quot;:&quot;&quot;,&quot;camera&quot;:&quot;&quot;,&quot;caption&quot;:&quot;&quot;,&quot;created_timestamp&quot;:&quot;0&quot;,&quot;copyright&quot;:&quot;&quot;,&quot;focal_length&quot;:&quot;0&quot;,&quot;iso&quot;:&quot;0&quot;,&quot;shutter_speed&quot;:&quot;0&quot;,&quot;title&quot;:&quot;&quot;,&quot;orientation&quot;:&quot;1&quot;}\" data-image-title=\"planta-305-sul\" data-image-description=\"\" data-image-caption=\"\" data-medium-file=\"https:\/\/historiasdebrasilia.com\/wp-content\/uploads\/2022\/11\/planta-305-sul.jpg?w=293\" data-large-file=\"https:\/\/historiasdebrasilia.com\/wp-content\/uploads\/2022\/11\/planta-305-sul.jpg?w=829\" \/><figcaption class=\"wp-element-caption\">Planta da 305 Sul<\/figcaption><\/figure>\n<p>A 305 Sul tamb\u00e9m se destaca pela qualidade e tradi\u00e7\u00e3o de suas institui\u00e7\u00f5es de ensino. O <strong>Jardim de Inf\u00e2ncia 305 Sul<\/strong> foi inaugurado em 1965, enquanto a <strong>Escola Classe 305 Sul<\/strong> iniciou suas atividades em 1967, locais por onde passaram gera\u00e7\u00f5es de brasilienses.<\/p>\n<figure class=\"wp-block-image size-large\"><img loading=\"lazy\" decoding=\"async\" class=\"wp-image-935\" src=\"https:\/\/historiasdebrasilia.com\/wp-content\/uploads\/2022\/11\/305-sul-escola-classe-1970.jpg?w=1017\" alt=\"\" width=\"1017\" height=\"716\" data-attachment-id=\"935\" data-permalink=\"https:\/\/historiasdebrasilia.com\/2022\/11\/04\/quadras-de-brasilia-305-sul\/305-sul-escola-classe-1970\/\" data-orig-file=\"https:\/\/historiasdebrasilia.com\/wp-content\/uploads\/2022\/11\/305-sul-escola-classe-1970.jpg\" data-orig-size=\"1017,716\" data-comments-opened=\"1\" data-image-meta=\"{&quot;aperture&quot;:&quot;0&quot;,&quot;credit&quot;:&quot;&quot;,&quot;camera&quot;:&quot;&quot;,&quot;caption&quot;:&quot;&quot;,&quot;created_timestamp&quot;:&quot;0&quot;,&quot;copyright&quot;:&quot;&quot;,&quot;focal_length&quot;:&quot;0&quot;,&quot;iso&quot;:&quot;0&quot;,&quot;shutter_speed&quot;:&quot;0&quot;,&quot;title&quot;:&quot;&quot;,&quot;orientation&quot;:&quot;1&quot;}\" data-image-title=\"305-sul-escola-classe-1970\" data-image-description=\"\" data-image-caption=\"\" data-medium-file=\"https:\/\/historiasdebrasilia.com\/wp-content\/uploads\/2022\/11\/305-sul-escola-classe-1970.jpg?w=300\" data-large-file=\"https:\/\/historiasdebrasilia.com\/wp-content\/uploads\/2022\/11\/305-sul-escola-classe-1970.jpg?w=1017\" \/><figcaption class=\"wp-element-caption\">Parquinho da quadra em 1970<\/figcaption><\/figure>\n<figure class=\"wp-block-image size-large\"><img loading=\"lazy\" decoding=\"async\" class=\"wp-image-937\" src=\"https:\/\/historiasdebrasilia.com\/wp-content\/uploads\/2022\/11\/jardim-de-infancio-1977-ercilia-gomide.jpg?w=768\" alt=\"\" width=\"768\" height=\"960\" data-attachment-id=\"937\" data-permalink=\"https:\/\/historiasdebrasilia.com\/2022\/11\/04\/quadras-de-brasilia-305-sul\/jardim-de-infancio-1977-ercilia-gomide\/\" data-orig-file=\"https:\/\/historiasdebrasilia.com\/wp-content\/uploads\/2022\/11\/jardim-de-infancio-1977-ercilia-gomide.jpg\" data-orig-size=\"768,960\" data-comments-opened=\"1\" data-image-meta=\"{&quot;aperture&quot;:&quot;0&quot;,&quot;credit&quot;:&quot;&quot;,&quot;camera&quot;:&quot;&quot;,&quot;caption&quot;:&quot;&quot;,&quot;created_timestamp&quot;:&quot;0&quot;,&quot;copyright&quot;:&quot;&quot;,&quot;focal_length&quot;:&quot;0&quot;,&quot;iso&quot;:&quot;0&quot;,&quot;shutter_speed&quot;:&quot;0&quot;,&quot;title&quot;:&quot;&quot;,&quot;orientation&quot;:&quot;0&quot;}\" data-image-title=\"jardim-de-infancio-1977-ercilia-gomide\" data-image-description=\"\" data-image-caption=\"\" data-medium-file=\"https:\/\/historiasdebrasilia.com\/wp-content\/uploads\/2022\/11\/jardim-de-infancio-1977-ercilia-gomide.jpg?w=240\" data-large-file=\"https:\/\/historiasdebrasilia.com\/wp-content\/uploads\/2022\/11\/jardim-de-infancio-1977-ercilia-gomide.jpg?w=768\" \/><figcaption class=\"wp-element-caption\">Professoras e alunos do Jardim de Inf\u00e2ncia 305 Sul em 1977<\/figcaption><\/figure>\n<div class=\"wp-block-image\">\n<figure class=\"aligncenter size-large is-resized\"><img loading=\"lazy\" decoding=\"async\" class=\"wp-image-939\" src=\"https:\/\/historiasdebrasilia.com\/wp-content\/uploads\/2022\/11\/305-sul-jardim-bianca-beleosoff-1988.png?w=592\" alt=\"\" width=\"765\" height=\"760\" data-attachment-id=\"939\" data-permalink=\"https:\/\/historiasdebrasilia.com\/2022\/11\/04\/quadras-de-brasilia-305-sul\/305-sul-jardim-bianca-beleosoff-1988\/\" data-orig-file=\"https:\/\/historiasdebrasilia.com\/wp-content\/uploads\/2022\/11\/305-sul-jardim-bianca-beleosoff-1988.png\" data-orig-size=\"592,588\" data-comments-opened=\"1\" data-image-meta=\"{&quot;aperture&quot;:&quot;0&quot;,&quot;credit&quot;:&quot;&quot;,&quot;camera&quot;:&quot;&quot;,&quot;caption&quot;:&quot;&quot;,&quot;created_timestamp&quot;:&quot;0&quot;,&quot;copyright&quot;:&quot;&quot;,&quot;focal_length&quot;:&quot;0&quot;,&quot;iso&quot;:&quot;0&quot;,&quot;shutter_speed&quot;:&quot;0&quot;,&quot;title&quot;:&quot;&quot;,&quot;orientation&quot;:&quot;0&quot;}\" data-image-title=\"305-sul-jardim-bianca-beleosoff-1988\" data-image-description=\"\" data-image-caption=\"\" data-medium-file=\"https:\/\/historiasdebrasilia.com\/wp-content\/uploads\/2022\/11\/305-sul-jardim-bianca-beleosoff-1988.png?w=300\" data-large-file=\"https:\/\/historiasdebrasilia.com\/wp-content\/uploads\/2022\/11\/305-sul-jardim-bianca-beleosoff-1988.png?w=592\" \/><figcaption class=\"wp-element-caption\">Aluna do Jardim da Inf\u00e2ncia 305 Sul em 1988<\/figcaption><\/figure>\n<\/div>\n<p>A comercial da <strong>305\/304 Sul<\/strong> era uma das mais movimentadas nos primeiros anos de Bras\u00edlia, com grande n\u00famero de lojas de roupas e cal\u00e7ados. Por isso, ganhou o apelido de <strong>Rua da Moda<\/strong>, termo que se mant\u00e9m at\u00e9 hoje.<\/p>\n<div class=\"wp-block-image\">\n<figure class=\"aligncenter size-large\"><img loading=\"lazy\" decoding=\"async\" class=\"wp-image-943\" src=\"https:\/\/historiasdebrasilia.com\/wp-content\/uploads\/2022\/11\/rua-da-moda-1968.jpg?w=1024\" alt=\"\" width=\"1024\" height=\"705\" data-attachment-id=\"943\" data-permalink=\"https:\/\/historiasdebrasilia.com\/2022\/11\/04\/quadras-de-brasilia-305-sul\/rua-da-moda-1968\/\" data-orig-file=\"https:\/\/historiasdebrasilia.com\/wp-content\/uploads\/2022\/11\/rua-da-moda-1968.jpg\" data-orig-size=\"2048,1410\" data-comments-opened=\"1\" data-image-meta=\"{&quot;aperture&quot;:&quot;0&quot;,&quot;credit&quot;:&quot;&quot;,&quot;camera&quot;:&quot;&quot;,&quot;caption&quot;:&quot;&quot;,&quot;created_timestamp&quot;:&quot;0&quot;,&quot;copyright&quot;:&quot;&quot;,&quot;focal_length&quot;:&quot;0&quot;,&quot;iso&quot;:&quot;0&quot;,&quot;shutter_speed&quot;:&quot;0&quot;,&quot;title&quot;:&quot;&quot;,&quot;orientation&quot;:&quot;0&quot;}\" data-image-title=\"rua-da-moda-1968\" data-image-description=\"\" data-image-caption=\"\" data-medium-file=\"https:\/\/historiasdebrasilia.com\/wp-content\/uploads\/2022\/11\/rua-da-moda-1968.jpg?w=300\" data-large-file=\"https:\/\/historiasdebrasilia.com\/wp-content\/uploads\/2022\/11\/rua-da-moda-1968.jpg?w=1024\" \/><figcaption class=\"wp-element-caption\">Rua da Moda em 1968<\/figcaption><\/figure>\n<\/div>\n<p>Na mesma comercial tamb\u00e9m ficava o primeiro supermercado <strong>SAB (Sociedade de Abastecimento de Bras\u00edlia)<\/strong> do Plano Piloto, estabelecimento p\u00fablico criado em <strong>1962<\/strong> para suprir o mercado varejista do Distrito Federal. Antes das grandes redes de supermercado chegarem \u00e0 capital, os SABs garantiam o abastecimento de v\u00e1rios produtos para a crescente popula\u00e7\u00e3o de Bras\u00edlia.<\/p>\n<figure class=\"wp-block-image size-large\"><img loading=\"lazy\" decoding=\"async\" class=\"wp-image-941\" src=\"https:\/\/historiasdebrasilia.com\/wp-content\/uploads\/2022\/11\/305-sul-1964-sab.jpg?w=1024\" alt=\"\" width=\"1024\" height=\"419\" data-attachment-id=\"941\" data-permalink=\"https:\/\/historiasdebrasilia.com\/2022\/11\/04\/quadras-de-brasilia-305-sul\/305-sul-1964-sab\/\" data-orig-file=\"https:\/\/historiasdebrasilia.com\/wp-content\/uploads\/2022\/11\/305-sul-1964-sab.jpg\" data-orig-size=\"1327,543\" data-comments-opened=\"1\" data-image-meta=\"{&quot;aperture&quot;:&quot;0&quot;,&quot;credit&quot;:&quot;&quot;,&quot;camera&quot;:&quot;&quot;,&quot;caption&quot;:&quot;&quot;,&quot;created_timestamp&quot;:&quot;0&quot;,&quot;copyright&quot;:&quot;&quot;,&quot;focal_length&quot;:&quot;0&quot;,&quot;iso&quot;:&quot;0&quot;,&quot;shutter_speed&quot;:&quot;0&quot;,&quot;title&quot;:&quot;&quot;,&quot;orientation&quot;:&quot;1&quot;}\" data-image-title=\"305-sul-1964-sab\" data-image-description=\"\" data-image-caption=\"\" data-medium-file=\"https:\/\/historiasdebrasilia.com\/wp-content\/uploads\/2022\/11\/305-sul-1964-sab.jpg?w=300\" data-large-file=\"https:\/\/historiasdebrasilia.com\/wp-content\/uploads\/2022\/11\/305-sul-1964-sab.jpg?w=1024\" \/><figcaption class=\"wp-element-caption\">Supermercado SAB da 304\/305 Sul em 1964<br \/>\n<strong>Fonte: <\/strong><a href=\"https:\/\/historiasdebrasilia.com\/\" target=\"_blank\" rel=\"noopener\">https:\/\/historiasdebrasilia.com\/<\/a><\/p>\n<\/figcaption><\/figure>\n<div style=\"text-align: center; margin: 20px 0;\"><script async src=\"https:\/\/pagead2.googlesyndication.com\/pagead\/js\/adsbygoogle.js?client=ca-pub-4475525115208877\" crossorigin=\"anonymous\"><\/script><br \/>\n<ins class=\"adsbygoogle\" style=\"display: block; text-align: center;\" data-ad-layout=\"in-article\" data-ad-format=\"fluid\" data-ad-client=\"ca-pub-4475525115208877\" data-ad-slot=\"7970302005\"><\/ins><br \/>\n<script>\n     (adsbygoogle = window.adsbygoogle || []).push({});\n<\/script><\/div>\n","protected":false},"excerpt":{"rendered":"<p>A 305 Sul \u00e9 uma das quadras mais tradicionais de Bras\u00edlia. Constru\u00edda inteiramente pelo Instituto&#8230;<\/p>\n","protected":false},"author":1,"featured_media":1299037,"comment_status":"closed","ping_status":"closed","sticky":false,"template":"","format":"standard","meta":{"footnotes":""},"categories":[8197,19552,8277],"tags":[19783,560,19787,19785,19784,19786,19788,19789],"class_list":["post-1295581","post","type-post","status-publish","format-standard","has-post-thumbnail","hentry","category-conhecimento-e-curiosidades","category-fatos-historicos","category-historia","tag-305-sul","tag-brasilia","tag-escola-classe-305-sul","tag-helio-uchoa","tag-instituto-de-aposentadoria-e-pensao-dos-industriarios-iapi","tag-jardim-de-infancia-305-sul","tag-rua-da-moda","tag-sab-sociedade-de-abastecimento-de-brasilia"],"_links":{"self":[{"href":"https:\/\/bocudo.com\/index.php?rest_route=\/wp\/v2\/posts\/1295581","targetHints":{"allow":["GET"]}}],"collection":[{"href":"https:\/\/bocudo.com\/index.php?rest_route=\/wp\/v2\/posts"}],"about":[{"href":"https:\/\/bocudo.com\/index.php?rest_route=\/wp\/v2\/types\/post"}],"author":[{"embeddable":true,"href":"https:\/\/bocudo.com\/index.php?rest_route=\/wp\/v2\/users\/1"}],"replies":[{"embeddable":true,"href":"https:\/\/bocudo.com\/index.php?rest_route=%2Fwp%2Fv2%2Fcomments&post=1295581"}],"version-history":[{"count":3,"href":"https:\/\/bocudo.com\/index.php?rest_route=\/wp\/v2\/posts\/1295581\/revisions"}],"predecessor-version":[{"id":1299039,"href":"https:\/\/bocudo.com\/index.php?rest_route=\/wp\/v2\/posts\/1295581\/revisions\/1299039"}],"wp:featuredmedia":[{"embeddable":true,"href":"https:\/\/bocudo.com\/index.php?rest_route=\/wp\/v2\/media\/1299037"}],"wp:attachment":[{"href":"https:\/\/bocudo.com\/index.php?rest_route=%2Fwp%2Fv2%2Fmedia&parent=1295581"}],"wp:term":[{"taxonomy":"category","embeddable":true,"href":"https:\/\/bocudo.com\/index.php?rest_route=%2Fwp%2Fv2%2Fcategories&post=1295581"},{"taxonomy":"post_tag","embeddable":true,"href":"https:\/\/bocudo.com\/index.php?rest_route=%2Fwp%2Fv2%2Ftags&post=1295581"}],"curies":[{"name":"wp","href":"https:\/\/api.w.org\/{rel}","templated":true}]}}