{"id":1273951,"date":"2019-05-19T03:04:22","date_gmt":"2019-05-19T03:04:22","guid":{"rendered":"https:\/\/bocudo.com\/?p=1273951"},"modified":"2026-04-10T15:42:40","modified_gmt":"2026-04-10T18:42:40","slug":"estudantes-de-baixa-renda-sao-maioria-em-universidades-federais","status":"publish","type":"post","link":"https:\/\/bocudo.com\/?p=1273951","title":{"rendered":"Estudantes de baixa renda s\u00e3o maioria em Universidades Federais"},"content":{"rendered":"<div style=\"text-align: center; margin: 20px 0;\"><script async src=\"https:\/\/pagead2.googlesyndication.com\/pagead\/js\/adsbygoogle.js?client=ca-pub-4475525115208877\" crossorigin=\"anonymous\"><\/script><br \/>\n<ins class=\"adsbygoogle\" style=\"display: block; text-align: center;\" data-ad-layout=\"in-article\" data-ad-format=\"fluid\" data-ad-client=\"ca-pub-4475525115208877\" data-ad-slot=\"7970302005\"><\/ins><br \/>\n<script>\n     (adsbygoogle = window.adsbygoogle || []).push({});\n<\/script><\/div>\n<p><img loading=\"lazy\" decoding=\"async\" class=\"alignnone size-full wp-image-1295002\" src=\"https:\/\/bocudo.com\/wp-content\/uploads\/2019\/05\/450b635a4006e2af6b98e7f6b587d0ba87dc45b2.png\" alt=\"\" width=\"750\" height=\"420\" srcset=\"https:\/\/bocudo.com\/wp-content\/uploads\/2019\/05\/450b635a4006e2af6b98e7f6b587d0ba87dc45b2.png 750w, https:\/\/bocudo.com\/wp-content\/uploads\/2019\/05\/450b635a4006e2af6b98e7f6b587d0ba87dc45b2-600x336.png 600w\" sizes=\"auto, (max-width: 750px) 100vw, 750px\" \/><\/p>\n<p>A maior parte dos estudantes das universidades federais, 70,2%, \u00e9 de baixa renda, de acordo com pesquisa apresentada na quinta-feira (16) pela Associa\u00e7\u00e3o Nacional dos Dirigentes das Institui\u00e7\u00f5es Federais de Ensino Superior (Andifes). Esses estudantes s\u00e3o de fam\u00edlias com renda mensal de at\u00e9 1,5 sal\u00e1rio m\u00ednimo <em>per capita<\/em>, ou seja, R$ 1.431, no valor de 2018, quando a pesquisa foi realizada.<\/p>\n<p>Os dados s\u00e3o da quinta edi\u00e7\u00e3o da Pesquisa do Perfil Socioecon\u00f4mico e Cultural dos Estudantes de Gradua\u00e7\u00e3o, apresentada hoje (16) pela Andifes. O estudo mostra que o percentual de estudantes nessa faixa de renda era, em 2003, 42,8%.<\/p>\n<p>Al\u00e9m disso, de acordo com a pesquisa, 60,4% dos estudantes das institui\u00e7\u00f5es federais de ensino superior cursaram todo o ensino m\u00e9dio em escolas p\u00fablicas. Em 2003, esse percentual era 37,5%.<\/p>\n<p>\u201cOs dados desmistificam qualquer tipo de informa\u00e7\u00e3o que as universidades hoje s\u00e3o majoritariamente da elite econ\u00f4mica, que poderia sustentar parte dos gastos das institui\u00e7\u00f5es\u201d, disse o presidente da Andifes, Reinaldo Centoducatte.<\/p>\n<p><strong>Lei de Cotas<\/strong><\/p>\n<p>O novo perfil dos estudantes, se deu principalmente, de acordo com a Andifes, com a Lei de Cotas (Lei 12.711\/12), que estabelece que 50% das vagas das universidades federais e das institui\u00e7\u00f5es federais de ensino t\u00e9cnico de n\u00edvel m\u00e9dio devem ser reservadas a estudantes de escolas p\u00fablicas. Dentro da lei, h\u00e1 a reserva de vagas para pretos, pardos e ind\u00edgenas, de acordo com a porcentagem dessas popula\u00e7\u00f5es nas unidades federativas.<\/p>\n<p>Com isso, o percentual de estudantes negros chegou a 51,2% do total de estudantes, n\u00famero mais que triplicou desde 2003. O n\u00famero de estudantes ind\u00edgenas que vivem em aldeias duplicou entre 2014 e 2018, passando a representar 0,4% dos estudantes das universidades federais. Os ind\u00edgenas n\u00e3o aldeados s\u00e3o 0,5%.<\/p>\n<p>A amplia\u00e7\u00e3o do acesso demandou tamb\u00e9m assist\u00eancia estudantil, de acordo com a Andifes. Atualmente, 30% dos estudantes s\u00e3o beneficiados pelo Plano Nacional de Assist\u00eancia Estudantil (Pnaes), recebendo desde bolsas de estudo, at\u00e9 aux\u00edlio na alimenta\u00e7\u00e3o, transporte e hospedagem.<\/p>\n<p>A assist\u00eancia, de acordo com a diretoria da Andifes, ainda est\u00e1 aqu\u00e9m do atendimento a todo o p\u00fablico que precisa dela.<\/p>\n<p><strong>Pesquisa\u00a0<\/strong><\/p>\n<p>A pesquisa foi feita em 63 universidades federais nas cinco regi\u00f5es do pa\u00eds e em dois centros federais de Educa\u00e7\u00e3o Tecnol\u00f3gica (Cefets), em Minas Gerais e no Rio de Janeiro. Os dados foram coletados entre fevereiro a junho de 2018.<\/p>\n<p>Ao todo, pouco mais de um ter\u00e7o dos estudantes dessas institui\u00e7\u00f5es, 35,34%, responderam aos question\u00e1rios. As informa\u00e7\u00f5es foram coletadas pela internet.<\/p>\n<p><img loading=\"lazy\" decoding=\"async\" class=\"alignnone size-full wp-image-1380021\" src=\"https:\/\/bocudo.com\/wp-content\/uploads\/2003\/04\/MINI-noticias-removebg.png\" alt=\"\" width=\"200\" height=\"200\" \/><\/p>\n<div style=\"text-align: center; margin: 20px 0;\"><script async src=\"https:\/\/pagead2.googlesyndication.com\/pagead\/js\/adsbygoogle.js?client=ca-pub-4475525115208877\" crossorigin=\"anonymous\"><\/script><br \/>\n<ins class=\"adsbygoogle\" style=\"display: block; text-align: center;\" data-ad-layout=\"in-article\" data-ad-format=\"fluid\" data-ad-client=\"ca-pub-4475525115208877\" data-ad-slot=\"7970302005\"><\/ins><br \/>\n<script>\n     (adsbygoogle = window.adsbygoogle || []).push({});\n<\/script><\/div>\n","protected":false},"excerpt":{"rendered":"<p>A maior parte dos estudantes das universidades federais, 70,2%, \u00e9 de baixa renda, de acordo&#8230;<\/p>\n","protected":false},"author":1,"featured_media":1295002,"comment_status":"open","ping_status":"open","sticky":false,"template":"","format":"standard","meta":{"footnotes":""},"categories":[8202,8918,8195],"tags":[19305,19303,19307,243,19304,19308,19306,374],"class_list":["post-1273951","post","type-post","status-publish","format-standard","has-post-thumbnail","hentry","category-brasil","category-educacao","category-noticias","tag-andifes","tag-associacao-nacional-dos-dirigentes-das-instituicoes-federais-de-ensino-superior-andifes","tag-lei-de-cotas-lei-12-711-12","tag-minas-gerais","tag-pesquisa-do-perfil-socioeconomico-e-cultural-dos-estudantes-de-graduacao","tag-plano-nacional-de-assistencia-estudantil-pnaes","tag-reinaldo-centoducatte","tag-rio-de-janeiro"],"_links":{"self":[{"href":"https:\/\/bocudo.com\/index.php?rest_route=\/wp\/v2\/posts\/1273951","targetHints":{"allow":["GET"]}}],"collection":[{"href":"https:\/\/bocudo.com\/index.php?rest_route=\/wp\/v2\/posts"}],"about":[{"href":"https:\/\/bocudo.com\/index.php?rest_route=\/wp\/v2\/types\/post"}],"author":[{"embeddable":true,"href":"https:\/\/bocudo.com\/index.php?rest_route=\/wp\/v2\/users\/1"}],"replies":[{"embeddable":true,"href":"https:\/\/bocudo.com\/index.php?rest_route=%2Fwp%2Fv2%2Fcomments&post=1273951"}],"version-history":[{"count":4,"href":"https:\/\/bocudo.com\/index.php?rest_route=\/wp\/v2\/posts\/1273951\/revisions"}],"predecessor-version":[{"id":1388820,"href":"https:\/\/bocudo.com\/index.php?rest_route=\/wp\/v2\/posts\/1273951\/revisions\/1388820"}],"wp:featuredmedia":[{"embeddable":true,"href":"https:\/\/bocudo.com\/index.php?rest_route=\/wp\/v2\/media\/1295002"}],"wp:attachment":[{"href":"https:\/\/bocudo.com\/index.php?rest_route=%2Fwp%2Fv2%2Fmedia&parent=1273951"}],"wp:term":[{"taxonomy":"category","embeddable":true,"href":"https:\/\/bocudo.com\/index.php?rest_route=%2Fwp%2Fv2%2Fcategories&post=1273951"},{"taxonomy":"post_tag","embeddable":true,"href":"https:\/\/bocudo.com\/index.php?rest_route=%2Fwp%2Fv2%2Ftags&post=1273951"}],"curies":[{"name":"wp","href":"https:\/\/api.w.org\/{rel}","templated":true}]}}