{"id":1272926,"date":"2023-06-06T09:00:57","date_gmt":"2023-06-06T09:00:57","guid":{"rendered":"https:\/\/bocudo.com\/?p=1272926"},"modified":"2026-02-26T11:14:08","modified_gmt":"2026-02-26T14:14:08","slug":"e-fundamental-que-o-paciente-conheca-sua-doenca-ensina-apresentador-com-esclerose-multipla-2","status":"publish","type":"post","link":"https:\/\/bocudo.com\/?p=1272926","title":{"rendered":"&#8216;\u00c9 fundamental que o paciente conhe\u00e7a sua doen\u00e7a&#8217;, ensina apresentador com esclerose m\u00faltipla"},"content":{"rendered":"<div style=\"text-align: center; margin: 20px 0;\"><script async src=\"https:\/\/pagead2.googlesyndication.com\/pagead\/js\/adsbygoogle.js?client=ca-pub-4475525115208877\" crossorigin=\"anonymous\"><\/script><br \/>\n<ins class=\"adsbygoogle\" style=\"display: block; text-align: center;\" data-ad-layout=\"in-article\" data-ad-format=\"fluid\" data-ad-client=\"ca-pub-4475525115208877\" data-ad-slot=\"7970302005\"><\/ins><br \/>\n<script>\n     (adsbygoogle = window.adsbygoogle || []).push({});\n<\/script><\/div>\n<p><img decoding=\"async\" src=\"https:\/\/s2-g1.glbimg.com\/EFqJO913R3e6vP6IsJE6f3tnHhM=\/i.s3.glbimg.com\/v1\/AUTH_59edd422c0c84a879bd37670ae4f538a\/internal_photos\/bs\/2023\/u\/U\/QUj0HETlS6Fjsx9ufs2w\/montelwilliams2.jpg\" \/><br \/>\nA data foi institu\u00edda nos Estados Unidos, mas merecia ter um espa\u00e7o em nosso calend\u00e1rio: 11 de maio \u00e9 Dia da Consci\u00eancia sobre a Sa\u00fade Mental dos Idosos. Foi quando assisti a um simp\u00f3sio on-line cujo principal palestrante era o apresentador Montel Williams, titular de um popular talk show durante quase duas d\u00e9cadas. Em 1999, aos 43 anos, foi diagnosticado com esclerose m\u00faltipla, doen\u00e7a que veio acompanhada de uma depress\u00e3o severa e dores lancinantes. Sua jornada para vencer as limita\u00e7\u00f5es o transformou e hoje ele se dedica a compartilhar o que aprendeu:<br \/>\nMontel Williams: apresentador compartilha o que aprendeu ao lidar com a esclerose m\u00faltipla<br \/>\nDivulga\u00e7\u00e3o<br \/>\n\u201c\u00c9 preciso que acreditemos em nossa for\u00e7a interna, em nosso pr\u00f3prio poder, porque boa parte do tratamento depende de n\u00f3s. \u00c9 fundamental que o paciente conhe\u00e7a sua doen\u00e7a, busque o m\u00e1ximo de informa\u00e7\u00e3o, porque m\u00e9dicos n\u00e3o s\u00e3o deuses, nem sabem tudo. Se nos guiarmos apenas pelo diagn\u00f3stico, estaremos restritos \u00e0 expectativa deles. Na \u00e9poca, ouvi coisas como: \u2018em cinco anos, voc\u00ea estar\u00e1 numa cadeira de rodas\u2019; ou que podia esperar mais dez anos de vida. Como algu\u00e9m pode dizer tal coisa sem me conhecer?\u201d.<br \/>\nO objetivo de Williams foi se tornar \u201c\u00edntimo\u201d de sua enfermidade. \u201cAinda n\u00e3o havia internet e mergulhei nos livros para aprender o m\u00e1ximo que pude. N\u00e3o me dei por vencido\u201d, lembrou. O primeiro passo foi mudar seu estilo de vida, privilegiando a atividade f\u00edsica e uma alimenta\u00e7\u00e3o de qualidade:<br \/>\n\u201cExerc\u00edcio \u00e9 bom, n\u00e3o importa a idade, e o que ingerimos tem impacto direto no n\u00edvel de inflama\u00e7\u00e3o do organismo. Eu tenho esclerose m\u00faltipla, mas ela n\u00e3o me tem. As pessoas devem acreditar no seu poder interior\u201d.<br \/>\nEm 2013, o apresentador criou um programa de sa\u00fade e fitness. Tornou-se um defensor do uso da maconha para fins medicinais, j\u00e1 que a droga foi valiosa para o controle da dor. \u201cQuero estar ocupando vivendo, e n\u00e3o morrendo, por isso estou atento a todos os novos protocolos e tratamentos que surgem. Vale para a esclerose m\u00faltipla, mas tamb\u00e9m para c\u00e2ncer, l\u00fapus ou fibromialgia\u201d, afirmou, acrescentando que \u00e9 preciso demonstrar nossa gratid\u00e3o por todos que nos d\u00e3o apoio:<br \/>\n\u201cEscreva uma carta ou um bilhete para quem esteve ao seu lado, dizendo que espera que essa pessoa saiba o quanto \u00e9 importante para voc\u00ea\u201d.<br \/>\nA esclerose m\u00faltipla \u00e9 uma doen\u00e7a neurol\u00f3gica autoimune cr\u00f4nica, provocada por mecanismos inflamat\u00f3rios e degenerativos que comprometem a bainha de mielina que reveste os neur\u00f4nios das subst\u00e2ncias branca e cinzenta do sistema nervoso central. No Brasil, estima-se que existam 40 mil casos da doen\u00e7a, que atinge predominantemente mulheres e indiv\u00edduos na faixa entre os 20 e 40 anos. O quadro inflamat\u00f3rio afeta as fun\u00e7\u00f5es coordenadas pelo c\u00e9rebro, cerebelo, tronco encef\u00e1lico e medula espinhal, produzindo sintomas como fraqueza, perda da for\u00e7a muscular, falta de coordena\u00e7\u00e3o, dor ou queima\u00e7\u00e3o na face, altera\u00e7\u00f5es na vis\u00e3o, altera\u00e7\u00f5es de humor, depress\u00e3o e ansiedade.<\/p>\n<div style=\"text-align: center; margin: 20px 0;\"><script async src=\"https:\/\/pagead2.googlesyndication.com\/pagead\/js\/adsbygoogle.js?client=ca-pub-4475525115208877\" crossorigin=\"anonymous\"><\/script><br \/>\n<ins class=\"adsbygoogle\" style=\"display: block; text-align: center;\" data-ad-layout=\"in-article\" data-ad-format=\"fluid\" data-ad-client=\"ca-pub-4475525115208877\" data-ad-slot=\"7970302005\"><\/ins><br \/>\n<script>\n     (adsbygoogle = window.adsbygoogle || []).push({});\n<\/script><\/div>\n","protected":false},"excerpt":{"rendered":"<p>A data foi institu\u00edda nos Estados Unidos, mas merecia ter um espa\u00e7o em nosso calend\u00e1rio:&#8230;<\/p>\n","protected":false},"author":1,"featured_media":1304862,"comment_status":"open","ping_status":"open","sticky":false,"template":"","format":"standard","meta":{"footnotes":""},"categories":[8402,8403,8198],"tags":[700,19892,910,19891,976,30,19894,19893],"class_list":["post-1272926","post","type-post","status-publish","format-standard","has-post-thumbnail","hentry","category-saude","category-tratamentos","category-vida-e-sociedade","tag-brasil","tag-cerebelo","tag-cerebro","tag-dia-da-consciencia-sobre-a-saude-mental-dos-idosos","tag-esclerose-multipla","tag-estados-unidos","tag-medula-espinhal","tag-tronco-encefalico"],"_links":{"self":[{"href":"https:\/\/bocudo.com\/index.php?rest_route=\/wp\/v2\/posts\/1272926","targetHints":{"allow":["GET"]}}],"collection":[{"href":"https:\/\/bocudo.com\/index.php?rest_route=\/wp\/v2\/posts"}],"about":[{"href":"https:\/\/bocudo.com\/index.php?rest_route=\/wp\/v2\/types\/post"}],"author":[{"embeddable":true,"href":"https:\/\/bocudo.com\/index.php?rest_route=\/wp\/v2\/users\/1"}],"replies":[{"embeddable":true,"href":"https:\/\/bocudo.com\/index.php?rest_route=%2Fwp%2Fv2%2Fcomments&post=1272926"}],"version-history":[{"count":2,"href":"https:\/\/bocudo.com\/index.php?rest_route=\/wp\/v2\/posts\/1272926\/revisions"}],"predecessor-version":[{"id":1304863,"href":"https:\/\/bocudo.com\/index.php?rest_route=\/wp\/v2\/posts\/1272926\/revisions\/1304863"}],"wp:featuredmedia":[{"embeddable":true,"href":"https:\/\/bocudo.com\/index.php?rest_route=\/wp\/v2\/media\/1304862"}],"wp:attachment":[{"href":"https:\/\/bocudo.com\/index.php?rest_route=%2Fwp%2Fv2%2Fmedia&parent=1272926"}],"wp:term":[{"taxonomy":"category","embeddable":true,"href":"https:\/\/bocudo.com\/index.php?rest_route=%2Fwp%2Fv2%2Fcategories&post=1272926"},{"taxonomy":"post_tag","embeddable":true,"href":"https:\/\/bocudo.com\/index.php?rest_route=%2Fwp%2Fv2%2Ftags&post=1272926"}],"curies":[{"name":"wp","href":"https:\/\/api.w.org\/{rel}","templated":true}]}}