{"id":1269748,"date":"2022-09-19T11:26:58","date_gmt":"2022-09-19T11:26:58","guid":{"rendered":"https:\/\/bocudo.com\/?p=1269748"},"modified":"2026-02-13T09:06:42","modified_gmt":"2026-02-13T12:06:42","slug":"brasil-vacina-da-pfizer-para-criancas-sera-liberada-apos-aval-de-ministerio","status":"publish","type":"post","link":"https:\/\/bocudo.com\/?p=1269748","title":{"rendered":"Vacina da Pfizer para crian\u00e7as ser\u00e1 liberada ap\u00f3s aval de minist\u00e9rio"},"content":{"rendered":"<div style=\"text-align: center; margin: 20px 0;\"><script async src=\"https:\/\/pagead2.googlesyndication.com\/pagead\/js\/adsbygoogle.js?client=ca-pub-4475525115208877\" crossorigin=\"anonymous\"><\/script><br \/>\n<ins class=\"adsbygoogle\" style=\"display: block; text-align: center;\" data-ad-layout=\"in-article\" data-ad-format=\"fluid\" data-ad-client=\"ca-pub-4475525115208877\" data-ad-slot=\"7970302005\"><\/ins><br \/>\n<script>\n     (adsbygoogle = window.adsbygoogle || []).push({});\n<\/script><\/div>\n<figure class=\"wp-block-image size-large\"><img loading=\"lazy\" decoding=\"async\" class=\"wp-image-24585\" src=\"https:\/\/agenciapress.com\/wp-content\/uploads\/2022\/09\/vacina-da-pfizer-para-criancas-sera-liberada-apos-aval-de-ministerio.jpg\" alt=\"\" width=\"627\" height=\"400\" \/><\/figure>\n<p>A vacina da Pfizer contra a covid-19 para crian\u00e7as entre 6 meses e 4 anos ser\u00e1 oferecida em todo o pa\u00eds assim que a \u00e1rea t\u00e9cnica do Minist\u00e9rio da Sa\u00fade aprovar a recomenda\u00e7\u00e3o do imunizante. A informa\u00e7\u00e3o foi dada neste domingo (18\/9) pela pasta, dois dias ap\u00f3s a Ag\u00eancia Nacional de Vigil\u00e2ncia Sanit\u00e1ria (Anvisa) aprovar a aplica\u00e7\u00e3o da vers\u00e3o pedi\u00e1trica da Pfizer.\u00a0Segundo o Minist\u00e9rio da Sa\u00fade, o in\u00edcio da aplica\u00e7\u00e3o n\u00e3o demorar\u00e1 porque o governo tem contrato com a fabricante. \u201cO Minist\u00e9rio da Sa\u00fade tem contrato com a Pfizer para fornecimento de todas as vacinas aprovadas pela Anvisa e inclu\u00eddas no Plano Nacional de Operacionaliza\u00e7\u00e3o da Vacina\u00e7\u00e3o contra a Covid-19 (PNO). Havendo aprova\u00e7\u00e3o da recomenda\u00e7\u00e3o pela \u00e1rea t\u00e9cnica da Pasta, as vacinas ser\u00e3o disponibilizadas para todo Brasil, como j\u00e1 ocorre com as demais faixas et\u00e1rias\u201d, informou a pasta, em nota.\u00a0O minist\u00e9rio n\u00e3o deu outras informa\u00e7\u00f5es, como calend\u00e1rio de vacina\u00e7\u00e3o. Em tese, cabe aos estados e aos munic\u00edpios decidir o cronograma de imuniza\u00e7\u00e3o com base na chegada de doses aos postos de sa\u00fade.<\/p>\n<p><strong>Dosagem diferente<\/strong><\/p>\n<p>A vers\u00e3o pedi\u00e1trica da vacina da Pfizer tem dosagem diferente da usada em faixas et\u00e1rias acima de 12 anos. A formula\u00e7\u00e3o autorizada pela Anvisa dever\u00e1 ser aplicada em tr\u00eas doses de 0,2 ml (equivalente a 3 microgramas). As duas doses iniciais devem ser administradas com tr\u00eas semanas de intervalo, seguidas por uma terceira dose aplicada pelo menos oito semanas ap\u00f3s a segunda dose.\u00a0A tampa do frasco da vacina vir\u00e1 na cor vinho, para facilitar a identifica\u00e7\u00e3o pelas equipes de vacina\u00e7\u00e3o e, tamb\u00e9m, pelos pais, m\u00e3es e cuidadores que levar\u00e3o as crian\u00e7as para serem vacinadas. O uso de diferentes cores de tampa \u00e9 uma estrat\u00e9gia para evitar erros de administra\u00e7\u00e3o, j\u00e1 que o produto requer diferentes dosagens para diferentes faixas et\u00e1rias.\u00a0<strong>(Ag\u00eancia Brasil)\u00a0<\/strong><\/p>\n<p>Fonte: <a href=\"https:\/\/agenciapress.com\/\">Agencia Press<\/a>.<\/p>\n<div style=\"text-align: center; margin: 20px 0;\"><script async src=\"https:\/\/pagead2.googlesyndication.com\/pagead\/js\/adsbygoogle.js?client=ca-pub-4475525115208877\" crossorigin=\"anonymous\"><\/script><br \/>\n<ins class=\"adsbygoogle\" style=\"display: block; text-align: center;\" data-ad-layout=\"in-article\" data-ad-format=\"fluid\" data-ad-client=\"ca-pub-4475525115208877\" data-ad-slot=\"7970302005\"><\/ins><br \/>\n<script>\n     (adsbygoogle = window.adsbygoogle || []).push({});\n<\/script><\/div>\n","protected":false},"excerpt":{"rendered":"<p>A vacina da Pfizer contra a covid-19 para crian\u00e7as entre 6 meses e 4 anos&#8230;<\/p>\n","protected":false},"author":1,"featured_media":1298981,"comment_status":"open","ping_status":"open","sticky":false,"template":"","format":"standard","meta":{"footnotes":""},"categories":[8404,8402,8198],"tags":[19746,3172,1066,19745,3556],"class_list":["post-1269748","post","type-post","status-publish","format-standard","has-post-thumbnail","hentry","category-prevencao","category-saude","category-vida-e-sociedade","tag-agencia-nacional-de-vigilancia-sanitaria-anvisa","tag-covid-19","tag-ministerio-da-saude","tag-pfizer","tag-vacina"],"_links":{"self":[{"href":"https:\/\/bocudo.com\/index.php?rest_route=\/wp\/v2\/posts\/1269748","targetHints":{"allow":["GET"]}}],"collection":[{"href":"https:\/\/bocudo.com\/index.php?rest_route=\/wp\/v2\/posts"}],"about":[{"href":"https:\/\/bocudo.com\/index.php?rest_route=\/wp\/v2\/types\/post"}],"author":[{"embeddable":true,"href":"https:\/\/bocudo.com\/index.php?rest_route=\/wp\/v2\/users\/1"}],"replies":[{"embeddable":true,"href":"https:\/\/bocudo.com\/index.php?rest_route=%2Fwp%2Fv2%2Fcomments&post=1269748"}],"version-history":[{"count":4,"href":"https:\/\/bocudo.com\/index.php?rest_route=\/wp\/v2\/posts\/1269748\/revisions"}],"predecessor-version":[{"id":1298983,"href":"https:\/\/bocudo.com\/index.php?rest_route=\/wp\/v2\/posts\/1269748\/revisions\/1298983"}],"wp:featuredmedia":[{"embeddable":true,"href":"https:\/\/bocudo.com\/index.php?rest_route=\/wp\/v2\/media\/1298981"}],"wp:attachment":[{"href":"https:\/\/bocudo.com\/index.php?rest_route=%2Fwp%2Fv2%2Fmedia&parent=1269748"}],"wp:term":[{"taxonomy":"category","embeddable":true,"href":"https:\/\/bocudo.com\/index.php?rest_route=%2Fwp%2Fv2%2Fcategories&post=1269748"},{"taxonomy":"post_tag","embeddable":true,"href":"https:\/\/bocudo.com\/index.php?rest_route=%2Fwp%2Fv2%2Ftags&post=1269748"}],"curies":[{"name":"wp","href":"https:\/\/api.w.org\/{rel}","templated":true}]}}