{"id":1269746,"date":"2022-10-31T09:55:26","date_gmt":"2022-10-31T09:55:26","guid":{"rendered":"https:\/\/bocudo.com\/?p=1269746"},"modified":"2026-02-13T10:32:27","modified_gmt":"2026-02-13T13:32:27","slug":"brasil-lula-e-eleito-novamente-presidente-da-republica-do-brasil","status":"publish","type":"post","link":"https:\/\/bocudo.com\/?p=1269746","title":{"rendered":"Lula \u00e9 eleito novamente presidente da Rep\u00fablica do Brasil"},"content":{"rendered":"<div style=\"text-align: center; margin: 20px 0;\"><script async src=\"https:\/\/pagead2.googlesyndication.com\/pagead\/js\/adsbygoogle.js?client=ca-pub-4475525115208877\" crossorigin=\"anonymous\"><\/script><br \/>\n<ins class=\"adsbygoogle\" style=\"display: block; text-align: center;\" data-ad-layout=\"in-article\" data-ad-format=\"fluid\" data-ad-client=\"ca-pub-4475525115208877\" data-ad-slot=\"7970302005\"><\/ins><br \/>\n<script>\n     (adsbygoogle = window.adsbygoogle || []).push({});\n<\/script><\/div>\n<figure class=\"wp-block-image size-large\"><img loading=\"lazy\" decoding=\"async\" class=\"wp-image-24829\" src=\"https:\/\/agenciapress.com\/wp-content\/uploads\/2022\/10\/D58CB452-D96A-406E-AA82-73FF9C42975F.jpeg\" alt=\"\" width=\"723\" height=\"424\" \/><\/figure>\n<p>Luiz In\u00e1cio Lula da Silva (PT) \u00e9 o novo presidente da Rep\u00fablica. Ele venceu o atual presidente, Jair Messias Bolsonaro (PL), que pleiteava a reelei\u00e7\u00e3o no segundo turno das Elei\u00e7\u00f5es Gerais de 2022. Esta \u00e9 a primeira vez que um ex-presidente volta ao mais alto cargo do Executivo na hist\u00f3ria do Brasil.<\/p>\n<p>\u00c0s 19h56 deste domingo (30), com 98,91% das urnas apuradas, Lula foi considerado eleito ap\u00f3s receber 59.563.912 votos (50,83% dos votos v\u00e1lidos), contra 57.675.427 votos (49,17% dos votos v\u00e1lidos) de Bolsonaro.<\/p>\n<p>O n\u00famero de votos v\u00e1lidos, at\u00e9 aquele hor\u00e1rio, foi de 117.305.567. Foram registrados 1.751.415 votos brancos (1,43%) e 3.889.466 votos nulos (3,16%). A absten\u00e7\u00e3o chegou a 20,90%.<\/p>\n<p>Perfil<\/p>\n<p>Luiz In\u00e1cio Lula da Silva, 77 anos, \u00e9 natural de Garanhuns (PE) e concorreu pela coliga\u00e7\u00e3o Brasil da Esperan\u00e7a (formada por FE Brasil (PT\/PCdoB\/PV)\/Solidariedade\/Federa\u00e7\u00e3o PSOL-Rede\/PSB\/Agir\/Avante\/Pros). Presidente da Rep\u00fablica entre 2003 e 2010, ele \u00e9 casado com Ros\u00e2ngela Silva, Janja, e tem como vice-presidente o m\u00e9dico e ex-governador de S\u00e3o Paulo Geraldo Alckmin.<\/p>\n<p>Fonte: <a href=\"https:\/\/agenciapress.com\/\">Agencia Press<\/a>.<\/p>\n<div style=\"text-align: center; margin: 20px 0;\"><script async src=\"https:\/\/pagead2.googlesyndication.com\/pagead\/js\/adsbygoogle.js?client=ca-pub-4475525115208877\" crossorigin=\"anonymous\"><\/script><br \/>\n<ins class=\"adsbygoogle\" style=\"display: block; text-align: center;\" data-ad-layout=\"in-article\" data-ad-format=\"fluid\" data-ad-client=\"ca-pub-4475525115208877\" data-ad-slot=\"7970302005\"><\/ins><br \/>\n<script>\n     (adsbygoogle = window.adsbygoogle || []).push({});\n<\/script><\/div>\n","protected":false},"excerpt":{"rendered":"<p>Luiz In\u00e1cio Lula da Silva (PT) \u00e9 o novo presidente da Rep\u00fablica. Ele venceu o&#8230;<\/p>\n","protected":false},"author":1,"featured_media":1299027,"comment_status":"open","ping_status":"open","sticky":false,"template":"","format":"standard","meta":{"footnotes":""},"categories":[8202,8195,8203],"tags":[9098,19762,7727,1108,19775],"class_list":["post-1269746","post","type-post","status-publish","format-standard","has-post-thumbnail","hentry","category-brasil","category-noticias","category-politica","tag-geraldo-alckmin","tag-jair-messias-bolsonaro","tag-janja","tag-luiz-inacio-lula-da-silva","tag-rosangela-silva"],"_links":{"self":[{"href":"https:\/\/bocudo.com\/index.php?rest_route=\/wp\/v2\/posts\/1269746","targetHints":{"allow":["GET"]}}],"collection":[{"href":"https:\/\/bocudo.com\/index.php?rest_route=\/wp\/v2\/posts"}],"about":[{"href":"https:\/\/bocudo.com\/index.php?rest_route=\/wp\/v2\/types\/post"}],"author":[{"embeddable":true,"href":"https:\/\/bocudo.com\/index.php?rest_route=\/wp\/v2\/users\/1"}],"replies":[{"embeddable":true,"href":"https:\/\/bocudo.com\/index.php?rest_route=%2Fwp%2Fv2%2Fcomments&post=1269746"}],"version-history":[{"count":3,"href":"https:\/\/bocudo.com\/index.php?rest_route=\/wp\/v2\/posts\/1269746\/revisions"}],"predecessor-version":[{"id":1299028,"href":"https:\/\/bocudo.com\/index.php?rest_route=\/wp\/v2\/posts\/1269746\/revisions\/1299028"}],"wp:featuredmedia":[{"embeddable":true,"href":"https:\/\/bocudo.com\/index.php?rest_route=\/wp\/v2\/media\/1299027"}],"wp:attachment":[{"href":"https:\/\/bocudo.com\/index.php?rest_route=%2Fwp%2Fv2%2Fmedia&parent=1269746"}],"wp:term":[{"taxonomy":"category","embeddable":true,"href":"https:\/\/bocudo.com\/index.php?rest_route=%2Fwp%2Fv2%2Fcategories&post=1269746"},{"taxonomy":"post_tag","embeddable":true,"href":"https:\/\/bocudo.com\/index.php?rest_route=%2Fwp%2Fv2%2Ftags&post=1269746"}],"curies":[{"name":"wp","href":"https:\/\/api.w.org\/{rel}","templated":true}]}}