{"id":1269745,"date":"2022-11-01T01:53:37","date_gmt":"2022-11-01T01:53:37","guid":{"rendered":"https:\/\/bocudo.com\/?p=1269745"},"modified":"2026-02-13T10:37:05","modified_gmt":"2026-02-13T13:37:05","slug":"brasil-justica-determina-desobstrucao-imediata-das-rodovias","status":"publish","type":"post","link":"https:\/\/bocudo.com\/?p=1269745","title":{"rendered":"Justi\u00e7a determina desobstru\u00e7\u00e3o imediata das rodovias"},"content":{"rendered":"<div style=\"text-align: center; margin: 20px 0;\"><script async src=\"https:\/\/pagead2.googlesyndication.com\/pagead\/js\/adsbygoogle.js?client=ca-pub-4475525115208877\" crossorigin=\"anonymous\"><\/script><br \/>\n<ins class=\"adsbygoogle\" style=\"display: block; text-align: center;\" data-ad-layout=\"in-article\" data-ad-format=\"fluid\" data-ad-client=\"ca-pub-4475525115208877\" data-ad-slot=\"7970302005\"><\/ins><br \/>\n<script>\n     (adsbygoogle = window.adsbygoogle || []).push({});\n<\/script><\/div>\n<figure class=\"wp-block-image size-large\"><img loading=\"lazy\" decoding=\"async\" class=\"wp-image-24855\" src=\"https:\/\/agenciapress.com\/wp-content\/uploads\/2022\/10\/CB4FBD6D-3A5C-42CB-BCCE-F2BE356BC584.jpeg\" alt=\"\" width=\"640\" height=\"427\" \/><\/figure>\n<p>O presidente do Tribunal Superior Eleitoral (TSE), ministro Alexandre de Moraes, determinou na noite desta segunda-feira, 31, que a Pol\u00edcia Rodovi\u00e1ria Federal (PRF) e as pol\u00edcias militares dos estados adotem a\u00e7\u00f5es imediatas para desobstru\u00e7\u00e3o de rodovias federais ocupadas ilegalmente e obstru\u00eddas por caminhoneiros.<\/p>\n<p>O ministro atendeu pedido da Confedera\u00e7\u00e3o Nacional dos Transportes (CNT) e do vice-procurador geral eleitoral, Paulo Gonet, diante do que Moraes definiu como in\u00e9rcia da PRF.<\/p>\n<p>A decis\u00e3o, que acena com o afastamento do diretor-geral da PRF, Silvinei Vasques, em caso de descumprimento, coincidiu com o vazamento de videos nas redes sociais que mostram agentes rodovi\u00e1rios combinando a continuidade dos bloqueios em conversas amistosas com grupos de caminhoneiros.<\/p>\n<p>O Minist\u00e9rio P\u00fablico Federal tamb\u00e9m determinou que o comando da PRF detalhe, em 24 horas, as a\u00e7\u00f5es adotadas para garantir a libera\u00e7\u00e3o das rodovias federais bloqueadas.<\/p>\n<p>O ministro da Justi\u00e7a, Anderson Torres, tamb\u00e9m determinou \u201cum refor\u00e7o de efetivo\u201d para liberar rodovias paralisadas por apoiadores de Jair Bolsonaro (PL), candidato derrotado no segundo turno, no domingo (30).<\/p>\n<p>Fonte: <a href=\"https:\/\/agenciapress.com\/\">Agencia Press<\/a>.<\/p>\n<div style=\"text-align: center; margin: 20px 0;\"><script async src=\"https:\/\/pagead2.googlesyndication.com\/pagead\/js\/adsbygoogle.js?client=ca-pub-4475525115208877\" crossorigin=\"anonymous\"><\/script><br \/>\n<ins class=\"adsbygoogle\" style=\"display: block; text-align: center;\" data-ad-layout=\"in-article\" data-ad-format=\"fluid\" data-ad-client=\"ca-pub-4475525115208877\" data-ad-slot=\"7970302005\"><\/ins><br \/>\n<script>\n     (adsbygoogle = window.adsbygoogle || []).push({});\n<\/script><\/div>\n","protected":false},"excerpt":{"rendered":"<p>O presidente do Tribunal Superior Eleitoral (TSE), ministro Alexandre de Moraes, determinou na noite desta&#8230;<\/p>\n","protected":false},"author":1,"featured_media":1299030,"comment_status":"open","ping_status":"open","sticky":false,"template":"","format":"standard","meta":{"footnotes":""},"categories":[8202,8195,8203],"tags":[3998,19780,19777,235,719,19778,18991,19779,19776],"class_list":["post-1269745","post","type-post","status-publish","format-standard","has-post-thumbnail","hentry","category-brasil","category-noticias","category-politica","tag-alexandre-de-moraes","tag-anderson-torres","tag-confederacao-nacional-dos-transportes-cnt","tag-jair-bolsonaro","tag-ministerio-publico-federal","tag-paulo-gonet","tag-policia-rodoviaria-federal-prf","tag-silvinei-vasques","tag-tribunal-superior-eleitoral-tse"],"_links":{"self":[{"href":"https:\/\/bocudo.com\/index.php?rest_route=\/wp\/v2\/posts\/1269745","targetHints":{"allow":["GET"]}}],"collection":[{"href":"https:\/\/bocudo.com\/index.php?rest_route=\/wp\/v2\/posts"}],"about":[{"href":"https:\/\/bocudo.com\/index.php?rest_route=\/wp\/v2\/types\/post"}],"author":[{"embeddable":true,"href":"https:\/\/bocudo.com\/index.php?rest_route=\/wp\/v2\/users\/1"}],"replies":[{"embeddable":true,"href":"https:\/\/bocudo.com\/index.php?rest_route=%2Fwp%2Fv2%2Fcomments&post=1269745"}],"version-history":[{"count":4,"href":"https:\/\/bocudo.com\/index.php?rest_route=\/wp\/v2\/posts\/1269745\/revisions"}],"predecessor-version":[{"id":1299032,"href":"https:\/\/bocudo.com\/index.php?rest_route=\/wp\/v2\/posts\/1269745\/revisions\/1299032"}],"wp:featuredmedia":[{"embeddable":true,"href":"https:\/\/bocudo.com\/index.php?rest_route=\/wp\/v2\/media\/1299030"}],"wp:attachment":[{"href":"https:\/\/bocudo.com\/index.php?rest_route=%2Fwp%2Fv2%2Fmedia&parent=1269745"}],"wp:term":[{"taxonomy":"category","embeddable":true,"href":"https:\/\/bocudo.com\/index.php?rest_route=%2Fwp%2Fv2%2Fcategories&post=1269745"},{"taxonomy":"post_tag","embeddable":true,"href":"https:\/\/bocudo.com\/index.php?rest_route=%2Fwp%2Fv2%2Ftags&post=1269745"}],"curies":[{"name":"wp","href":"https:\/\/api.w.org\/{rel}","templated":true}]}}