{"id":1269655,"date":"2022-09-22T21:10:20","date_gmt":"2022-09-22T21:10:20","guid":{"rendered":"https:\/\/bocudo.com\/?p=1269655"},"modified":"2026-02-13T09:54:36","modified_gmt":"2026-02-13T12:54:36","slug":"rioquente-acidente-envolvendo-onibus-de-turismo-e-carreta-deixa-varios-feridos","status":"publish","type":"post","link":"https:\/\/bocudo.com\/?p=1269655","title":{"rendered":"Acidente envolvendo \u00f4nibus de turismo e carreta deixa v\u00e1rios feridos em Rio Quente"},"content":{"rendered":"<div style=\"text-align: center; margin: 20px 0;\"><script async src=\"https:\/\/pagead2.googlesyndication.com\/pagead\/js\/adsbygoogle.js?client=ca-pub-4475525115208877\" crossorigin=\"anonymous\"><\/script><br \/>\n<ins class=\"adsbygoogle\" style=\"display: block; text-align: center;\" data-ad-layout=\"in-article\" data-ad-format=\"fluid\" data-ad-client=\"ca-pub-4475525115208877\" data-ad-slot=\"7970302005\"><\/ins><br \/>\n<script>\n     (adsbygoogle = window.adsbygoogle || []).push({});\n<\/script><\/div>\n<figure class=\"wp-block-image size-large\"><img loading=\"lazy\" decoding=\"async\" class=\"wp-image-24643\" src=\"https:\/\/agenciapress.com\/wp-content\/uploads\/2022\/09\/F67B5C32-A762-410B-A325-CEBEBADF5401-1045x628.jpeg\" alt=\"\" width=\"1045\" height=\"628\" \/><\/figure>\n<p>Um \u00f4nibus de turismo que saiu de Rio Quente, a 178 km de Goi\u00e2nia, com destino ao Paran\u00e1, bateu contra uma carreta, no in\u00edcio da tarde desta quinta-feira (22), em um trecho da BR-153, entre os munic\u00edpios de Centralina e Can\u00e1polis, em Minas Gerais. Informa\u00e7\u00f5es preliminares indicam que houve pelo menos 40 feridos e duas mortes, que foram confirmadas pela Pol\u00edcia Rodovi\u00e1ria Federal (PRF).<\/p>\n<p>A Triunfo Concebra informou que s\u00e3o 42 v\u00edtimas, sendo que 24 foram socorridas pelas equipes de atendimento emergencial m\u00e9dico da concession\u00e1ria. \u201cDuas fatais, duas graves e 20 leves\u201d, detalha a empresa. Ainda de acordo com a concession\u00e1ria, a batida provocou um congestionamento de cinco quil\u00f4metros em ambos os sentidos na altura do km 31, no sentido sul.<\/p>\n<p>A assessoria da Via\u00e7\u00e3o Garcia informou que os passageiros do \u00f4nibus s\u00e3o de Corn\u00e9lio Proc\u00f3pio, no Paran\u00e1, e que eles alugaram o ve\u00edculo para realizar uma excurs\u00e3o em Rio Quente. Segundo a empresa, o acidente ocorreu quando eles estavam voltando da viagem, por\u00e9m n\u00e3o souberam confirmar as idades e quem foram as v\u00edtimas fatais.<\/p>\n<p>Entretanto, em nota, a Via\u00e7\u00e3o Garcia afirmou que est\u00e1 apurando os fatos relacionados ao acidente e est\u00e1 prestando aux\u00edlio \u00e0s autoridades para esclarecer o acidente. \u201cA empresa informa que est\u00e1 oferecendo assist\u00eancia aos passageiros\u201d, afirmou. A reportagem falou com a Pol\u00edcia Rodovi\u00e1ria Federal (PRF), que informou estar atendendo a ocorr\u00eancia e que novas atualiza\u00e7\u00f5es ser\u00e3o enviadas.<\/p>\n<p>Fonte: <a href=\"https:\/\/agenciapress.com\/\">Agencia Press<\/a>.<\/p>\n<div style=\"text-align: center; margin: 20px 0;\"><script async src=\"https:\/\/pagead2.googlesyndication.com\/pagead\/js\/adsbygoogle.js?client=ca-pub-4475525115208877\" crossorigin=\"anonymous\"><\/script><br \/>\n<ins class=\"adsbygoogle\" style=\"display: block; text-align: center;\" data-ad-layout=\"in-article\" data-ad-format=\"fluid\" data-ad-client=\"ca-pub-4475525115208877\" data-ad-slot=\"7970302005\"><\/ins><br \/>\n<script>\n     (adsbygoogle = window.adsbygoogle || []).push({});\n<\/script><\/div>\n","protected":false},"excerpt":{"rendered":"<p>Um \u00f4nibus de turismo que saiu de Rio Quente, a 178 km de Goi\u00e2nia, com&#8230;<\/p>\n","protected":false},"author":1,"featured_media":1298996,"comment_status":"open","ping_status":"open","sticky":false,"template":"","format":"standard","meta":{"footnotes":""},"categories":[8751,8195,8752],"tags":[3567,19750,40,243,6143,18991,7484,19630,19751],"class_list":["post-1269655","post","type-post","status-publish","format-standard","has-post-thumbnail","hentry","category-acidentes","category-noticias","category-veiculos","tag-canapolis","tag-centralina","tag-goiania","tag-minas-gerais","tag-parana","tag-policia-rodoviaria-federal-prf","tag-rio-quente","tag-triunfo-concebra","tag-viacao-garcia"],"_links":{"self":[{"href":"https:\/\/bocudo.com\/index.php?rest_route=\/wp\/v2\/posts\/1269655","targetHints":{"allow":["GET"]}}],"collection":[{"href":"https:\/\/bocudo.com\/index.php?rest_route=\/wp\/v2\/posts"}],"about":[{"href":"https:\/\/bocudo.com\/index.php?rest_route=\/wp\/v2\/types\/post"}],"author":[{"embeddable":true,"href":"https:\/\/bocudo.com\/index.php?rest_route=\/wp\/v2\/users\/1"}],"replies":[{"embeddable":true,"href":"https:\/\/bocudo.com\/index.php?rest_route=%2Fwp%2Fv2%2Fcomments&post=1269655"}],"version-history":[{"count":3,"href":"https:\/\/bocudo.com\/index.php?rest_route=\/wp\/v2\/posts\/1269655\/revisions"}],"predecessor-version":[{"id":1298997,"href":"https:\/\/bocudo.com\/index.php?rest_route=\/wp\/v2\/posts\/1269655\/revisions\/1298997"}],"wp:featuredmedia":[{"embeddable":true,"href":"https:\/\/bocudo.com\/index.php?rest_route=\/wp\/v2\/media\/1298996"}],"wp:attachment":[{"href":"https:\/\/bocudo.com\/index.php?rest_route=%2Fwp%2Fv2%2Fmedia&parent=1269655"}],"wp:term":[{"taxonomy":"category","embeddable":true,"href":"https:\/\/bocudo.com\/index.php?rest_route=%2Fwp%2Fv2%2Fcategories&post=1269655"},{"taxonomy":"post_tag","embeddable":true,"href":"https:\/\/bocudo.com\/index.php?rest_route=%2Fwp%2Fv2%2Ftags&post=1269655"}],"curies":[{"name":"wp","href":"https:\/\/api.w.org\/{rel}","templated":true}]}}