{"id":1257882,"date":"2025-11-27T08:38:09","date_gmt":"2025-11-27T11:38:09","guid":{"rendered":"https:\/\/bocudo.com\/?p=1257882"},"modified":"2025-11-28T08:48:13","modified_gmt":"2025-11-28T11:48:13","slug":"lesoes-de-neymar-midia-exagera-ou-refletem-realidade","status":"publish","type":"post","link":"https:\/\/bocudo.com\/?p=1257882","title":{"rendered":"Les\u00f5es de Neymar: M\u00eddia Exagera ou Refletem Realidade?"},"content":{"rendered":"<p><script async src=\"https:\/\/pagead2.googlesyndication.com\/pagead\/js\/adsbygoogle.js?client=ca-pub-4475525115208877\" crossorigin=\"anonymous\"><\/script><br \/>\n<ins class=\"adsbygoogle\" style=\"display: block; text-align: center;\" data-ad-layout=\"in-article\" data-ad-format=\"fluid\" data-ad-client=\"ca-pub-4475525115208877\" data-ad-slot=\"7970302005\"><\/ins><br \/>\n<script>\n     (adsbygoogle = window.adsbygoogle || []).push({});\n<\/script><\/p>\n<p><img loading=\"lazy\" decoding=\"async\" class=\"alignnone size-full wp-image-1258064\" src=\"https:\/\/bocudo.com\/wp-content\/uploads\/2025\/11\/neymar-deixou-campo-chorando-apos-nova-lesao-2693666-article.webp\" alt=\"\" width=\"600\" height=\"373\" \/><\/p>\n<p><b>S\u00e3o Paulo, Brasil<\/b> \u2013 A carreira do astro brasileiro Neymar, marcada por talento e controv\u00e9rsia, volta a ser alvo de debates. Les\u00f5es recorrentes t\u00eam levantado quest\u00f5es sobre a condi\u00e7\u00e3o f\u00edsica do jogador e a forma como a m\u00eddia esportiva aborda sua situa\u00e7\u00e3o, gerando discuss\u00f5es acaloradas entre jornalistas e torcedores.<\/p>\n<p>As les\u00f5es de Neymar, incluindo a recente les\u00e3o no menisco do joelho esquerdo, reacenderam o debate sobre a intensidade da cobertura midi\u00e1tica em torno do jogador. Enquanto alguns argumentam que as cr\u00edticas s\u00e3o exageradas e beiram a persegui\u00e7\u00e3o, outros defendem que a aten\u00e7\u00e3o dada reflete a import\u00e2ncia do atleta para o futebol brasileiro.<\/p>\n<p>O jornalista esportivo Jos\u00e9 Calil, durante o programa Arena SBT, criticou a abordagem da m\u00eddia em rela\u00e7\u00e3o \u00e0s les\u00f5es de Neymar, sugerindo um poss\u00edvel exagero na cobertura. A discuss\u00e3o transcende a simples an\u00e1lise da condi\u00e7\u00e3o f\u00edsica do jogador e se estende \u00e0 maneira como suas les\u00f5es e desempenho s\u00e3o retratados ao p\u00fablico.<\/p>\n<h2>Impacto das Les\u00f5es na Carreira de Neymar<\/h2>\n<p>As les\u00f5es no esporte, em geral, s\u00e3o uma grande preocupa\u00e7\u00e3o, mas no caso de Neymar, a recorr\u00eancia de problemas f\u00edsicos representa um impacto significativo em sua carreira. Dada sua import\u00e2ncia para o Santos e para a Sele\u00e7\u00e3o Brasileira, cada les\u00e3o se torna um evento de grande repercuss\u00e3o, alimentando debates sobre sua condi\u00e7\u00e3o atl\u00e9tica e o manejo de suas les\u00f5es.<\/p>\n<h2>Possibilidade de Retorno aos Gramados<\/h2>\n<p>Apesar das especula\u00e7\u00f5es sobre o afastamento prolongado, h\u00e1 ind\u00edcios de que Neymar ainda possa atuar nesta temporada. O presidente do Santos, Marcelo Teixeira, mencionou a possibilidade de Neymar enfrentar o Sport, o que seria um al\u00edvio para o clube que luta contra o rebaixamento no Campeonato Brasileiro. Essa declara\u00e7\u00e3o aumentou a expectativa entre os torcedores, demonstrando a imprevisibilidade que cerca a situa\u00e7\u00e3o do jogador.<\/p>\n<h2>O Papel da M\u00eddia na Percep\u00e7\u00e3o P\u00fablica<\/h2>\n<p>A m\u00eddia esportiva exerce uma influ\u00eancia consider\u00e1vel na percep\u00e7\u00e3o p\u00fablica de atletas como Neymar. As narrativas constru\u00eddas por jornalistas e comentaristas moldam a imagem que o p\u00fablico tem do jogador, impactando tanto suas cr\u00edticas quanto seus elogios. An\u00e1lises constantes sobre suas habilidades, performances e, mais recentemente, suas les\u00f5es, geram debates e dividem opini\u00f5es.<\/p>\n<p>\u00c9 crucial que a m\u00eddia e os consumidores de not\u00edcias esportivas distingam entre fatos e especula\u00e7\u00f5es, adotando uma perspectiva equilibrada ao analisar a situa\u00e7\u00e3o de Neymar. A cobertura respons\u00e1vel pode contribuir para uma compreens\u00e3o mais clara dos desafios enfrentados pelo atleta e para um debate mais construtivo sobre o futuro de sua carreira.<\/p>\n<h2>A Import\u00e2ncia de um Retorno Forte<\/h2>\n<p>Para Neymar, como para outros atletas, superar les\u00f5es \u00e9 apenas uma parte do desafio. O foco principal reside em retornar ainda mais forte, demonstrando a resili\u00eancia que caracteriza os grandes talentos esportivos. A capacidade de recupera\u00e7\u00e3o e a determina\u00e7\u00e3o em voltar a brilhar nos campos s\u00e3o aspectos essenciais que manter\u00e3o seus admiradores na torcida.<\/p>\n<p>Em meio a cr\u00edticas e desafios, a carreira de Neymar exemplifica a jornada cont\u00ednua de supera\u00e7\u00e3o que define o esporte de alto n\u00edvel. Sua trajet\u00f3ria serve de inspira\u00e7\u00e3o para outros atletas e para todos aqueles que enfrentam obst\u00e1culos em busca de seus objetivos.<br \/>\n<script async src=\"https:\/\/pagead2.googlesyndication.com\/pagead\/js\/adsbygoogle.js?client=ca-pub-4475525115208877\" crossorigin=\"anonymous\"><\/script><br \/>\n<ins class=\"adsbygoogle\" style=\"display: block; text-align: center;\" data-ad-layout=\"in-article\" data-ad-format=\"fluid\" data-ad-client=\"ca-pub-4475525115208877\" data-ad-slot=\"7970302005\"><\/ins><br \/>\n<script>\n     (adsbygoogle = window.adsbygoogle || []).push({});\n<\/script><\/p>\n<p>&#8220;`<\/p>\n","protected":false},"excerpt":{"rendered":"<p>S\u00e3o Paulo, Brasil \u2013 A carreira do astro brasileiro Neymar, marcada por talento e controv\u00e9rsia,&#8230;<\/p>\n","protected":false},"author":1,"featured_media":1258064,"comment_status":"open","ping_status":"open","sticky":false,"template":"","format":"standard","meta":{"footnotes":""},"categories":[8205,8206,8195],"tags":[18739,18737,18738,18736,8512,4800,8290,593,594,706,4851],"class_list":["post-1257882","post","type-post","status-publish","format-standard","has-post-thumbnail","hentry","category-esporte","category-futebol","category-noticias","tag-comentaristas","tag-joelho","tag-jornalistas","tag-jose-calil","tag-marcelo-teixeira","tag-menisco","tag-midia","tag-neymar","tag-santos","tag-selecao-brasileira","tag-sport"],"_links":{"self":[{"href":"https:\/\/bocudo.com\/index.php?rest_route=\/wp\/v2\/posts\/1257882","targetHints":{"allow":["GET"]}}],"collection":[{"href":"https:\/\/bocudo.com\/index.php?rest_route=\/wp\/v2\/posts"}],"about":[{"href":"https:\/\/bocudo.com\/index.php?rest_route=\/wp\/v2\/types\/post"}],"author":[{"embeddable":true,"href":"https:\/\/bocudo.com\/index.php?rest_route=\/wp\/v2\/users\/1"}],"replies":[{"embeddable":true,"href":"https:\/\/bocudo.com\/index.php?rest_route=%2Fwp%2Fv2%2Fcomments&post=1257882"}],"version-history":[{"count":1,"href":"https:\/\/bocudo.com\/index.php?rest_route=\/wp\/v2\/posts\/1257882\/revisions"}],"predecessor-version":[{"id":1258065,"href":"https:\/\/bocudo.com\/index.php?rest_route=\/wp\/v2\/posts\/1257882\/revisions\/1258065"}],"wp:featuredmedia":[{"embeddable":true,"href":"https:\/\/bocudo.com\/index.php?rest_route=\/wp\/v2\/media\/1258064"}],"wp:attachment":[{"href":"https:\/\/bocudo.com\/index.php?rest_route=%2Fwp%2Fv2%2Fmedia&parent=1257882"}],"wp:term":[{"taxonomy":"category","embeddable":true,"href":"https:\/\/bocudo.com\/index.php?rest_route=%2Fwp%2Fv2%2Fcategories&post=1257882"},{"taxonomy":"post_tag","embeddable":true,"href":"https:\/\/bocudo.com\/index.php?rest_route=%2Fwp%2Fv2%2Ftags&post=1257882"}],"curies":[{"name":"wp","href":"https:\/\/api.w.org\/{rel}","templated":true}]}}