{"id":1252023,"date":"2020-08-25T14:48:40","date_gmt":"2020-08-25T17:48:40","guid":{"rendered":"https:\/\/bocudo.com\/?p=1252023"},"modified":"2026-04-14T14:20:15","modified_gmt":"2026-04-14T17:20:15","slug":"colares-hoje-perspectivas-de-pesquisa-ufologica-com-a-liberacao-dos-documentos-oficiais","status":"publish","type":"post","link":"https:\/\/bocudo.com\/?p=1252023","title":{"rendered":"Colares hoje: perspectivas de pesquisa ufol\u00f3gica com a libera\u00e7\u00e3o dos documentos oficiais."},"content":{"rendered":"<div style=\"text-align: center; margin: 20px 0;\"><script async src=\"https:\/\/pagead2.googlesyndication.com\/pagead\/js\/adsbygoogle.js?client=ca-pub-4475525115208877\" crossorigin=\"anonymous\"><\/script><br \/>\n<ins class=\"adsbygoogle\" style=\"display: block; text-align: center;\" data-ad-layout=\"in-article\" data-ad-format=\"fluid\" data-ad-client=\"ca-pub-4475525115208877\" data-ad-slot=\"7970302005\"><\/ins><br \/>\n<script>\n     (adsbygoogle = window.adsbygoogle || []).push({});\n<\/script><\/div>\n<p>&nbsp;<\/p>\n<p><em>Foto: Wagner Santana<\/em><\/p>\n<p class=\"has-text-align-justify has-medium-font-size\">Nosso principal interesse na Ufologia s\u00e3o as origens extraterrestres da humanidade e as antigas civiliza\u00e7\u00f5es. Mas a Ufologia \u00e9 surpreendente e pode levar o pesquisador para bem longe de seu interesse inicial.<\/p>\n<p class=\"has-text-align-justify has-medium-font-size\">Aconteceu de ouvirmos a comunica\u00e7\u00e3o de uma pessoa que dizia ter convivido \u2013 junto com seus pais, dezoito irm\u00e3os e outras quinze fam\u00edlias, todas aparentadas \u2013 com uma luz muito intensa na ilha em que moravam,\u00a0 no munic\u00edpio de Palmeir\u00e2ndia, interior do estado do Maranh\u00e3o.<\/p>\n<p class=\"has-text-align-justify has-medium-font-size\">Entrevistei ent\u00e3o a matriarca Dona Iris Abreu e seus filhos, Lidia, Sonia e Lionel, residentes no Rio de Janeiro. A tal luz, a dita \u201cEstrela\u201d ou \u201cAparelho\u201d parecia morar naquele c\u00e9u, porque era sempre vista l\u00e1 em cima, destacada das outras estrelas.\u00a0 Mas tamb\u00e9m crescia diante das testemunhas at\u00e9 se transformar numa bola de luz, ou de fogo. As testemunhas oscilam entre definir como luz ou como fogo, pela falta de uma palavra adequada para o fen\u00f4meno que avistavam.<\/p>\n<p class=\"has-text-align-justify has-medium-font-size\">Fiquei ent\u00e3o sabendo, que embora a luz chegasse a tocar pessoas, n\u00e3o se tem not\u00edcia de algu\u00e9m que tenha sido queimado ou atacado por ela na localidade. Crescia at\u00e9 mais ou menos um metro de di\u00e2metro, nem quente, nem fria, e tamb\u00e9m sem qualquer ru\u00eddo.<\/p>\n<p class=\"has-text-align-justify has-medium-font-size\">A luz estabeleceu um padr\u00e3o de comportamento em intera\u00e7\u00e3o com as rea\u00e7\u00f5es da popula\u00e7\u00e3o da ilha. Essa intera\u00e7\u00e3o durou mais ou menos dez anos e de maneira quotidiana, segundo as testemunhas, tendo come\u00e7ado a se manifestar no in\u00edcio dos anos 70, permanecendo at\u00e9 a instala\u00e7\u00e3o da luz el\u00e9trica, no final da d\u00e9cada.<\/p>\n<p class=\"has-text-align-justify has-medium-font-size\">A d\u00e9cada de 70 nos lembrava alguma coisa sobre uma opera\u00e7\u00e3o militar que teria ocorrido no Par\u00e1. Soube tamb\u00e9m que documentos oficiais tinham sido liberados como resultado da campanha \u201cUfos liberdade de informa\u00e7\u00e3o j\u00e1\u201d, liderada pela Comiss\u00e3o Brasileira de Uf\u00f3logos (CBU).<\/p>\n<p class=\"has-text-align-justify has-medium-font-size\">Efetivamente, encontramos a casu\u00edstica, registrada nos documentos oficiais \u2013 consultamos tamb\u00e9m os diferentes grupos ufol\u00f3gicos do nordeste e norte do pa\u00eds. S\u00e3o casos de avistamentos, ataques de luzes e objetos desconhecidos em toda a regi\u00e3o na d\u00e9cada de 70. J\u00e1 em 1976, temos o caso Barroso, no Cear\u00e1. Vit\u00f3rio Peret, um dos maiores uf\u00f3logos brasileiros e pesquisador incans\u00e1vel da Opera\u00e7\u00e3o Prato, nos disse que at\u00e9 onde sabe \u201cos ataques de feixes luminosos causaram diversas v\u00edtimas fatais a partir da ilha dos Caranguejos no Maranh\u00e3o (1977), quando entre tr\u00eas pescadores um deles morreu e os outros dois sofreram graves queimaduras. Na regi\u00e3o de Bequim\u00e3o, tamb\u00e9m no Maranh\u00e3o, v\u00e1rios lavradores tinham sido encontrados mortos ap\u00f3s a popula\u00e7\u00e3o observar estranhas luzes no c\u00e9u na noite anterior. Em seguida a morte de um morador no munic\u00edpio de Viseu, divisa Maranh\u00e3o com o Par\u00e1, foi associada \u00e0 chegada inesperada de um enorme objeto luminoso num final de tarde voando a baixa altura na rua da praia. O Hollanda nos disse durante uma vig\u00edlia que viu o laudo m\u00e9dico deste caso e apontava morte s\u00fabita em decorr\u00eancia de susto violento. Depois tiveram os casos de 80 v\u00edtimas atendidas pela Dr\u00aa Wellaide, entre elas duas mulheres apresentavam queimaduras, orif\u00edcios sobre a regi\u00e3o mam\u00e1ria e outros exames que ela mesma havia realizado.\u201d O estudo das v\u00edtimas ainda n\u00e3o foi feito, al\u00e9m do que as condi\u00e7\u00f5es prec\u00e1rias do posto de sa\u00fade exigem uma pesquisa em Colares mesmo, para levantar o numero aproximado de v\u00edtimas, bem como de pessoas contatadas por outras formas de comunica\u00e7\u00e3o, o que poderia caracterizar um contato de massa\u201d.<\/p>\n<p class=\"has-text-align-justify has-medium-font-size\">A Opera\u00e7\u00e3o Prato foi ent\u00e3o a miss\u00e3o militar enviada para investigar esses m\u00faltiplos e numerosos eventos ufol\u00f3gicos, que passaram a se concentrar de maneira aterradora na ilha de Colares, Mosqueiro e Vigia, no estado do Par\u00e1, entre setembro e novembro de 1977, dentro de um contexto de avistamentos e contatos que j\u00e1 vinham acontecendo desde o in\u00edcio da d\u00e9cada a partir do Cear\u00e1, Piau\u00ed, Maranh\u00e3o, e Par\u00e1, onde foram sistematicamente observados e registrados, gerando os documentos recentemente liberados.<\/p>\n<p class=\"has-text-align-justify has-medium-font-size\">A natureza violenta desses fen\u00f4menos \u2013 no momento hist\u00f3rico da ditadura militar no pa\u00eds, com a repress\u00e3o \u00e0 guerrilha do Araguaia \u2013 levou os militares da Opera\u00e7\u00e3o Prato a levarem armamentos pesados e diversos equipamentos. Esperavam encontrar l\u00e1, n\u00e3o discos-voadores, mas a tentativa de infiltra\u00e7\u00e3o de guerrilheiros no norte do Brasil. A equipe militar foi convencida pela pr\u00f3pria investiga\u00e7\u00e3o de que estavam diante de algo totalmente fora de qualquer expectativa, confrontados com a a\u00e7\u00e3o de uma tecnologia inexistente em nosso planeta, \u00e0quela \u00e9poca e ainda hoje, provavelmente de origem extraterrestre.<\/p>\n<p class=\"has-text-align-justify has-medium-font-size\">Foi uma miss\u00e3o sigilosa, cuja exist\u00eancia foi negada pelo governo militar de ent\u00e3o e pelos governos subsequentes \u00e0 redemocratiza\u00e7\u00e3o do pa\u00eds. A enormidade e multiplicidade dos eventos foram igualmente desacreditadas para o grande p\u00fablico, pejorativamente apelidados de \u201cchupa-chupa\u201d, sendo logo esquecidos ap\u00f3s o momento sensacionalista. Digo para o resto do pa\u00eds, porque as manifesta\u00e7\u00f5es ufol\u00f3gicas nunca pararam de acontecer na regi\u00e3o. Mudou a maneira de operar. Os avistamentos continuam, mas de maneira mais retra\u00edda e discreta, n\u00e3o investindo mais agressivamente as pessoas.<\/p>\n<p class=\"has-text-align-justify has-medium-font-size\">A maneira como a Opera\u00e7\u00e3o Prato foi sumariamente encerrada pelas For\u00e7as Armadas Brasileiras acrescenta outra caracter\u00edstica \u00fanica ao caso: foi abortada porque os militares, diante da maneira incr\u00e9dula como seus pr\u00f3prios companheiros de farda recebiam as not\u00edcias sobre as investiga\u00e7\u00f5es, decidiram responder ao que interpretaram como tentativas de contato da intelig\u00eancia desconhecida que atuava ali. Estavam dispostos a ir at\u00e9 o contato final. Quando o Capit\u00e3o Hollanda preveniu seus superiores dessa decis\u00e3o, foi sumariamente proibido de prosseguir com o prop\u00f3sito e a Opera\u00e7\u00e3o terminou no dia seguinte \u00e0 entrevista.<\/p>\n<p class=\"has-text-align-justify has-medium-font-size\">Que consequ\u00eancias devemos tirar da declara\u00e7\u00e3o do tamb\u00e9m grande uf\u00f3logo, pesquisador da primeira hora e at\u00e9 hoje estudando o assunto, e um dos respons\u00e1veis pela libera\u00e7\u00e3o dos documentos da OP, Ademar Gevaerd, ao dizer, no programa Linha Direta de 30 de setembro de 2013, que a Opera\u00e7\u00e3o Prato foi a \u201c\u00fanica ocasi\u00e3o documentada em que as for\u00e7as armadas de um pa\u00eds esteve envolvida diretamente num processo de aproxima\u00e7\u00e3o, identifica\u00e7\u00e3o e poss\u00edvel contato com seres n\u00e3o terrestres, n\u00e3o humanos, procedentes de outras partes do universo.\u201d O que significa para \u00a0a Ufologia a libera\u00e7\u00e3o de documentos dessa natureza?<\/p>\n<p><strong>Documento Oficiais<\/strong><\/p>\n<p class=\"has-text-align-justify has-medium-font-size\">As investiga\u00e7\u00f5es da Opera\u00e7\u00e3o Prato geraram 2000 documentos, 500 fotografias e 16 filmes, segundo declara\u00e7\u00e3o do comandante da opera\u00e7\u00e3o, o ent\u00e3o Capit\u00e3o Uyrang\u00ea Hollanda.\u00a0 Foram liberadas apenas algumas centenas de documentos e fotografias, mas todos os filmes desapareceram. Hoje \u00e9 tido como certo pelos pesquisadores que esses foram enviados para os EUA.<\/p>\n<figure class=\"wp-block-gallery columns-3 is-cropped wp-block-gallery-1 is-layout-flex wp-block-gallery-is-layout-flex\">\n<ul class=\"blocks-gallery-grid\">\n<li class=\"blocks-gallery-item\">\n<figure><img loading=\"lazy\" decoding=\"async\" class=\"wp-image-541\" src=\"https:\/\/lallabarretto.com\/wp-content\/uploads\/2020\/08\/26lalla-barreto-operacao-prato-4.jpg\" alt=\"\" width=\"160\" height=\"224\" data-id=\"541\" data-full-url=\"https:\/\/lallabarretto.com\/wp-content\/uploads\/2020\/08\/26lalla-barreto-operacao-prato-4.jpg\" data-link=\"https:\/\/lallabarretto.com\/2020\/08\/20\/colares-hoje-perspectivas-de-pesquisa-ufologica-com-a-liberacao-dos-documentos-oficiais\/26lalla-barreto-operacao-prato-4\/\" \/><\/figure>\n<\/li>\n<li class=\"blocks-gallery-item\">\n<figure><img loading=\"lazy\" decoding=\"async\" class=\"wp-image-542\" src=\"https:\/\/lallabarretto.com\/wp-content\/uploads\/2020\/08\/27lalla-barreto-operacao-prato-3.jpg\" alt=\"\" width=\"160\" height=\"224\" data-id=\"542\" data-full-url=\"https:\/\/lallabarretto.com\/wp-content\/uploads\/2020\/08\/27lalla-barreto-operacao-prato-3.jpg\" data-link=\"https:\/\/lallabarretto.com\/2020\/08\/20\/colares-hoje-perspectivas-de-pesquisa-ufologica-com-a-liberacao-dos-documentos-oficiais\/27lalla-barreto-operacao-prato-3\/\" \/><\/figure>\n<\/li>\n<li class=\"blocks-gallery-item\">\n<figure><img loading=\"lazy\" decoding=\"async\" class=\"wp-image-540\" src=\"https:\/\/lallabarretto.com\/wp-content\/uploads\/2020\/08\/25lalla-barreto-operacao-prato-4.jpg\" alt=\"\" width=\"160\" height=\"224\" data-id=\"540\" data-full-url=\"https:\/\/lallabarretto.com\/wp-content\/uploads\/2020\/08\/25lalla-barreto-operacao-prato-4.jpg\" data-link=\"https:\/\/lallabarretto.com\/2020\/08\/20\/colares-hoje-perspectivas-de-pesquisa-ufologica-com-a-liberacao-dos-documentos-oficiais\/25lalla-barreto-operacao-prato-4\/\" \/><\/figure>\n<\/li>\n<li class=\"blocks-gallery-item\">\n<figure><img loading=\"lazy\" decoding=\"async\" class=\"wp-image-543\" src=\"https:\/\/lallabarretto.com\/wp-content\/uploads\/2020\/08\/28lalla-barreto-operacao-prato-3.jpg\" alt=\"\" width=\"160\" height=\"224\" data-id=\"543\" data-full-url=\"https:\/\/lallabarretto.com\/wp-content\/uploads\/2020\/08\/28lalla-barreto-operacao-prato-3.jpg\" data-link=\"https:\/\/lallabarretto.com\/2020\/08\/20\/colares-hoje-perspectivas-de-pesquisa-ufologica-com-a-liberacao-dos-documentos-oficiais\/28lalla-barreto-operacao-prato-3\/\" \/><\/figure>\n<\/li>\n<li class=\"blocks-gallery-item\">\n<figure><img loading=\"lazy\" decoding=\"async\" class=\"wp-image-544\" src=\"https:\/\/lallabarretto.com\/wp-content\/uploads\/2020\/08\/29lalla-barreto-operacao-prato-3.jpg\" alt=\"Colares aujourd\u2019hui\" width=\"160\" height=\"224\" data-id=\"544\" data-full-url=\"https:\/\/lallabarretto.com\/wp-content\/uploads\/2020\/08\/29lalla-barreto-operacao-prato-3.jpg\" data-link=\"https:\/\/lallabarretto.com\/2020\/08\/20\/colares-hoje-perspectivas-de-pesquisa-ufologica-com-a-liberacao-dos-documentos-oficiais\/29lalla-barreto-operacao-prato-3\/\" \/><\/figure>\n<\/li>\n<\/ul><figcaption class=\"blocks-gallery-caption\"><em>Algumas P\u00e1ginas dos relat\u00f3rios da Opera\u00e7\u00e3o Prato<\/em>.<\/figcaption><\/figure>\n<div class=\"wp-block-jetpack-tiled-gallery aligncenter is-style-rectangular\">\n<div class=\"tiled-gallery__gallery\">\n<div class=\"tiled-gallery__row\">\n<div class=\"tiled-gallery__col\" style=\"flex-basis: 33.33333333333333%;\">\n<figure class=\"tiled-gallery__item\"><img loading=\"lazy\" decoding=\"async\" class=\"alignleft\" src=\"https:\/\/i2.wp.com\/lallabarretto.com\/wp-content\/uploads\/2020\/08\/30lalla-barreto-operacao-prato.jpg?ssl=1\" alt=\"\" width=\"361\" height=\"453\" data-height=\"188\" data-id=\"545\" data-link=\"https:\/\/lallabarretto.com\/2020\/08\/20\/colares-hoje-perspectivas-de-pesquisa-ufologica-com-a-liberacao-dos-documentos-oficiais\/30lalla-barreto-operacao-prato\/\" data-url=\"https:\/\/lallabarretto.com\/wp-content\/uploads\/2020\/08\/30lalla-barreto-operacao-prato.jpg\" data-width=\"150\" \/><\/figure>\n<\/div>\n<div class=\"tiled-gallery__col\" style=\"flex-basis: 33.33333333333333%;\">\n<figure class=\"tiled-gallery__item\"><img loading=\"lazy\" decoding=\"async\" class=\"alignright\" src=\"https:\/\/i2.wp.com\/lallabarretto.com\/wp-content\/uploads\/2020\/08\/31lalla-barreto-operacao-prato.jpg?ssl=1\" alt=\"\" width=\"246\" height=\"308\" data-height=\"188\" data-id=\"546\" data-link=\"https:\/\/lallabarretto.com\/2020\/08\/20\/colares-hoje-perspectivas-de-pesquisa-ufologica-com-a-liberacao-dos-documentos-oficiais\/31lalla-barreto-operacao-prato\/\" data-url=\"https:\/\/lallabarretto.com\/wp-content\/uploads\/2020\/08\/31lalla-barreto-operacao-prato.jpg\" data-width=\"150\" \/><\/figure>\n<\/div>\n<div class=\"tiled-gallery__col\" style=\"flex-basis: 33.33333333333333%;\">\n<figure class=\"tiled-gallery__item\"><img loading=\"lazy\" decoding=\"async\" class=\"alignleft\" src=\"https:\/\/i2.wp.com\/lallabarretto.com\/wp-content\/uploads\/2020\/08\/32lalla-barreto-operacao-prato.jpg?ssl=1\" alt=\"\" width=\"292\" height=\"366\" data-height=\"188\" data-id=\"547\" data-link=\"https:\/\/lallabarretto.com\/2020\/08\/20\/colares-hoje-perspectivas-de-pesquisa-ufologica-com-a-liberacao-dos-documentos-oficiais\/32lalla-barreto-operacao-prato\/\" data-url=\"https:\/\/lallabarretto.com\/wp-content\/uploads\/2020\/08\/32lalla-barreto-operacao-prato.jpg\" data-width=\"150\" \/><\/figure>\n<\/div>\n<\/div>\n<div class=\"tiled-gallery__row\">\n<div class=\"tiled-gallery__col\" style=\"flex-basis: 100%;\">\n<figure class=\"tiled-gallery__item\"><img loading=\"lazy\" decoding=\"async\" class=\"alignright\" src=\"https:\/\/i1.wp.com\/lallabarretto.com\/wp-content\/uploads\/2020\/08\/33lalla-barreto-operacao-prato.jpg?ssl=1\" alt=\"\" width=\"323\" height=\"155\" data-height=\"72\" data-id=\"548\" data-link=\"https:\/\/lallabarretto.com\/2020\/08\/20\/colares-hoje-perspectivas-de-pesquisa-ufologica-com-a-liberacao-dos-documentos-oficiais\/33lalla-barreto-operacao-prato\/\" data-url=\"https:\/\/lallabarretto.com\/wp-content\/uploads\/2020\/08\/33lalla-barreto-operacao-prato.jpg\" data-width=\"150\" \/><\/figure>\n<\/div>\n<\/div>\n<div class=\"tiled-gallery__row\">\n<div class=\"tiled-gallery__col\" style=\"flex-basis: 36.56946835489682%;\">\n<figure class=\"tiled-gallery__item\"><img loading=\"lazy\" decoding=\"async\" class=\"alignleft\" src=\"https:\/\/i0.wp.com\/lallabarretto.com\/wp-content\/uploads\/2020\/08\/34lalla-barreto-operacao-prato.jpg?ssl=1\" alt=\"\" width=\"387\" height=\"227\" data-height=\"88\" data-id=\"549\" data-link=\"https:\/\/lallabarretto.com\/2020\/08\/20\/colares-hoje-perspectivas-de-pesquisa-ufologica-com-a-liberacao-dos-documentos-oficiais\/34lalla-barreto-operacao-prato\/\" data-url=\"https:\/\/lallabarretto.com\/wp-content\/uploads\/2020\/08\/34lalla-barreto-operacao-prato.jpg\" data-width=\"150\" \/><\/figure>\n<figure class=\"tiled-gallery__item\"><img loading=\"lazy\" decoding=\"async\" class=\"alignright\" src=\"https:\/\/i0.wp.com\/lallabarretto.com\/wp-content\/uploads\/2020\/08\/35lalla-barreto-operacao-prato.jpg?ssl=1\" alt=\"\" width=\"336\" height=\"265\" data-height=\"120\" data-id=\"550\" data-link=\"https:\/\/lallabarretto.com\/2020\/08\/20\/colares-hoje-perspectivas-de-pesquisa-ufologica-com-a-liberacao-dos-documentos-oficiais\/35lalla-barreto-operacao-prato\/\" data-url=\"https:\/\/lallabarretto.com\/wp-content\/uploads\/2020\/08\/35lalla-barreto-operacao-prato.jpg\" data-width=\"152\" \/><\/figure>\n<\/div>\n<div class=\"tiled-gallery__col\" style=\"flex-basis: 63.430531645103194%;\">\n<figure class=\"tiled-gallery__item\"><img loading=\"lazy\" decoding=\"async\" class=\"alignleft\" src=\"https:\/\/i1.wp.com\/lallabarretto.com\/wp-content\/uploads\/2020\/08\/36lalla-barreto-operacao-prato.jpg?ssl=1\" alt=\"\" width=\"339\" height=\"271\" data-height=\"120\" data-id=\"551\" data-link=\"https:\/\/lallabarretto.com\/2020\/08\/20\/colares-hoje-perspectivas-de-pesquisa-ufologica-com-a-liberacao-dos-documentos-oficiais\/36lalla-barreto-operacao-prato\/\" data-url=\"https:\/\/lallabarretto.com\/wp-content\/uploads\/2020\/08\/36lalla-barreto-operacao-prato.jpg\" data-width=\"150\" \/><\/figure>\n<\/div>\n<\/div>\n<div class=\"tiled-gallery__row\">\n<div class=\"tiled-gallery__col\" style=\"flex-basis: 68.07350776266196%;\">\n<figure class=\"tiled-gallery__item\"><img loading=\"lazy\" decoding=\"async\" class=\"alignright\" src=\"https:\/\/i2.wp.com\/lallabarretto.com\/wp-content\/uploads\/2020\/08\/37lalla-barreto-operacao-prato.jpg?ssl=1\" alt=\"\" width=\"383\" height=\"306\" data-height=\"120\" data-id=\"552\" data-link=\"https:\/\/lallabarretto.com\/2020\/08\/20\/colares-hoje-perspectivas-de-pesquisa-ufologica-com-a-liberacao-dos-documentos-oficiais\/37lalla-barreto-operacao-prato\/\" data-url=\"https:\/\/lallabarretto.com\/wp-content\/uploads\/2020\/08\/37lalla-barreto-operacao-prato.jpg\" data-width=\"150\" \/><\/figure>\n<\/div>\n<div class=\"tiled-gallery__col\" style=\"flex-basis: 31.92649223733804%;\">\n<figure class=\"tiled-gallery__item\"><img loading=\"lazy\" decoding=\"async\" class=\"alignleft\" src=\"https:\/\/i2.wp.com\/lallabarretto.com\/wp-content\/uploads\/2020\/08\/38lalla-barreto-operacao-prato.jpg?ssl=1\" alt=\"\" width=\"338\" height=\"270\" data-height=\"120\" data-id=\"553\" data-link=\"https:\/\/lallabarretto.com\/2020\/08\/20\/colares-hoje-perspectivas-de-pesquisa-ufologica-com-a-liberacao-dos-documentos-oficiais\/38lalla-barreto-operacao-prato\/\" data-url=\"https:\/\/lallabarretto.com\/wp-content\/uploads\/2020\/08\/38lalla-barreto-operacao-prato.jpg\" data-width=\"150\" \/><\/figure>\n<figure class=\"tiled-gallery__item\"><img loading=\"lazy\" decoding=\"async\" class=\"alignright\" src=\"https:\/\/i0.wp.com\/lallabarretto.com\/wp-content\/uploads\/2020\/08\/39lalla-barreto-operacao-prato.jpg?ssl=1\" alt=\"\" width=\"410\" height=\"367\" data-height=\"120\" data-id=\"554\" data-link=\"https:\/\/lallabarretto.com\/2020\/08\/20\/colares-hoje-perspectivas-de-pesquisa-ufologica-com-a-liberacao-dos-documentos-oficiais\/39lalla-barreto-operacao-prato\/\" data-url=\"https:\/\/lallabarretto.com\/wp-content\/uploads\/2020\/08\/39lalla-barreto-operacao-prato.jpg\" data-width=\"134\" \/><\/figure>\n<\/div>\n<\/div>\n<div class=\"tiled-gallery__row\">\n<div class=\"tiled-gallery__col\" style=\"flex-basis: 33.33333333333333%;\">\n<figure class=\"tiled-gallery__item\"><img loading=\"lazy\" decoding=\"async\" class=\"alignleft\" src=\"https:\/\/i0.wp.com\/lallabarretto.com\/wp-content\/uploads\/2020\/08\/40lalla-barreto-operacao-prato.jpg?ssl=1\" alt=\"\" width=\"378\" height=\"302\" data-height=\"120\" data-id=\"555\" data-link=\"https:\/\/lallabarretto.com\/2020\/08\/20\/colares-hoje-perspectivas-de-pesquisa-ufologica-com-a-liberacao-dos-documentos-oficiais\/40lalla-barreto-operacao-prato\/\" data-url=\"https:\/\/lallabarretto.com\/wp-content\/uploads\/2020\/08\/40lalla-barreto-operacao-prato.jpg\" data-width=\"150\" \/><\/figure>\n<\/div>\n<div class=\"tiled-gallery__col\" style=\"flex-basis: 33.33333333333333%;\">\n<figure class=\"tiled-gallery__item\"><img loading=\"lazy\" decoding=\"async\" class=\"alignright\" src=\"https:\/\/i2.wp.com\/lallabarretto.com\/wp-content\/uploads\/2020\/08\/41lalla-barreto-operacao-prato.jpg?ssl=1\" alt=\"\" width=\"369\" height=\"295\" data-height=\"120\" data-id=\"556\" data-link=\"https:\/\/lallabarretto.com\/2020\/08\/20\/colares-hoje-perspectivas-de-pesquisa-ufologica-com-a-liberacao-dos-documentos-oficiais\/41lalla-barreto-operacao-prato\/\" data-url=\"https:\/\/lallabarretto.com\/wp-content\/uploads\/2020\/08\/41lalla-barreto-operacao-prato.jpg\" data-width=\"150\" \/><\/figure>\n<\/div>\n<div class=\"tiled-gallery__col\" style=\"flex-basis: 33.33333333333333%;\">\n<figure class=\"tiled-gallery__item\"><img loading=\"lazy\" decoding=\"async\" class=\"alignleft\" src=\"https:\/\/i1.wp.com\/lallabarretto.com\/wp-content\/uploads\/2020\/08\/42lalla-barreto-operacao-prato.jpg?ssl=1\" alt=\"\" width=\"356\" height=\"285\" data-height=\"120\" data-id=\"557\" data-link=\"https:\/\/lallabarretto.com\/2020\/08\/20\/colares-hoje-perspectivas-de-pesquisa-ufologica-com-a-liberacao-dos-documentos-oficiais\/42lalla-barreto-operacao-prato\/\" data-url=\"https:\/\/lallabarretto.com\/wp-content\/uploads\/2020\/08\/42lalla-barreto-operacao-prato.jpg\" data-width=\"150\" \/><\/figure>\n<\/div>\n<\/div>\n<div class=\"tiled-gallery__row\">\n<div class=\"tiled-gallery__col\" style=\"flex-basis: 52.437282494500806%;\">\n<figure class=\"tiled-gallery__item\"><img loading=\"lazy\" decoding=\"async\" class=\"alignright\" src=\"https:\/\/i1.wp.com\/lallabarretto.com\/wp-content\/uploads\/2020\/08\/43lalla-barreto-operacao-prato.jpg?ssl=1\" alt=\"\" width=\"328\" height=\"262\" data-height=\"120\" data-id=\"558\" data-link=\"https:\/\/lallabarretto.com\/2020\/08\/20\/colares-hoje-perspectivas-de-pesquisa-ufologica-com-a-liberacao-dos-documentos-oficiais\/43lalla-barreto-operacao-prato\/\" data-url=\"https:\/\/lallabarretto.com\/wp-content\/uploads\/2020\/08\/43lalla-barreto-operacao-prato.jpg\" data-width=\"150\" \/><\/figure>\n<\/div>\n<div class=\"tiled-gallery__col\" style=\"flex-basis: 47.562717505499194%;\">\n<figure class=\"tiled-gallery__item\"><img loading=\"lazy\" decoding=\"async\" class=\"alignleft\" src=\"https:\/\/i0.wp.com\/lallabarretto.com\/wp-content\/uploads\/2020\/08\/44lalla-barreto-operacao-prato.jpg?ssl=1\" alt=\"Colares today\" width=\"331\" height=\"292\" data-height=\"120\" data-id=\"559\" data-link=\"https:\/\/lallabarretto.com\/2020\/08\/20\/colares-hoje-perspectivas-de-pesquisa-ufologica-com-a-liberacao-dos-documentos-oficiais\/44lalla-barreto-operacao-prato\/\" data-url=\"https:\/\/lallabarretto.com\/wp-content\/uploads\/2020\/08\/44lalla-barreto-operacao-prato.jpg\" data-width=\"136\" \/><\/figure>\n<\/div>\n<\/div>\n<\/div>\n<\/div>\n<p><em>Documento:\u00a0Outras fotografias avulsas, inclu\u00eddas nos documentos da Opera\u00e7\u00e3o Prato. <\/em><\/p>\n<p><em>Origem:\u00a0For\u00e7a A\u00e9rea Brasileira<\/em>.<\/p>\n<p class=\"has-text-align-justify has-medium-font-size\">Mesmo sendo apenas uma pequena parte dos documentos gerados, o que esses documentos j\u00e1 colocam como desafio ao pesquisador \u00e9 enorme! A leitura dos documentos acompanhada das fotos e croquis \u00e9 quase como a proje\u00e7\u00e3o de um filme espetacular! Desenrola diante dos olhos fatos espantosos e desconhecidos, pois o fen\u00f4meno Ufo deixa observar a\u00ed\u00a0 todas as suas facetas.<\/p>\n<p class=\"has-text-align-justify has-medium-font-size\">Primeiramente, esses documentos s\u00e3o provas materiais da realidade dos fen\u00f4menos ocorridos. As m\u00faltiplas observa\u00e7\u00f5es s\u00e3o registradas sob forma de relatos verbais, fotografias e croquis, o que torna esses documentos um conjunto raro e \u00fanico de observa\u00e7\u00f5es ufol\u00f3gicas diversas registradas com a mesma metodologia. Essa multiplicidade de eventos aterradores teve a abrang\u00eancia que se pode ver abaixo, no mapa de H\u00e9lio Amado R Aniceto.<\/p>\n<figure class=\"wp-block-image size-large\"><img loading=\"lazy\" decoding=\"async\" class=\"wp-image-560\" src=\"https:\/\/lallabarretto.com\/wp-content\/uploads\/2020\/08\/45lalla-barreto-operacao-prato.jpg\" alt=\"\" width=\"744\" height=\"412\" \/><figcaption>M<em>apa acima extra\u00eddo de Wikip\u00e9dia, Opera\u00e7\u00e3o Prato.<\/em><\/figcaption><\/figure>\n<p class=\"has-text-align-justify has-medium-font-size\">E brilharam no c\u00e9u com a frequ\u00eancia abaixo, durante dez dias, segundo o RSC, Relatos e Observa\u00e7\u00f5es 1977.<\/p>\n<figure class=\"wp-block-image size-large\"><img loading=\"lazy\" decoding=\"async\" class=\"wp-image-561\" src=\"https:\/\/lallabarretto.com\/wp-content\/uploads\/2020\/08\/46lalla-barreto-operacao-prato.jpg\" alt=\"\" width=\"756\" height=\"370\" \/><figcaption><em><em>Documentos Oficiais da Opera\u00e7\u00e3o Prato.<\/em><\/em><strong>Contato<\/strong><\/p>\n<\/figcaption><\/figure>\n<p class=\"has-text-align-justify has-medium-font-size\">A diversidade dos acontecimentos nos leva a examinar mais de perto a natureza do contato engajado entre uma suposta intelig\u00eancia extraterrestre e as popula\u00e7\u00f5es da regi\u00e3o de Colares. Reconhecemos tamb\u00e9m, pela leitura dos documentos, uma diversidade de formas de comunica\u00e7\u00e3o, como por exemplo, troca de sinais luminosos e telepatia, at\u00e9 avistamento de seres. Ent\u00e3o, temos relatos, fotos e croquis de tudo isso como testemunha de um grande projeto de uma, ou v\u00e1rias, intelig\u00eancias, que supomos extraterrestre, visando o estudo das popula\u00e7\u00f5es ribeirinhas.<\/p>\n<p class=\"has-text-align-justify has-medium-font-size\">Essa \u00e9 uma das quest\u00f5es que devem ser examinadas nos documentos, de saber se foi uma, ou v\u00e1rias intelig\u00eancias que interagiram ali. Essa parece ter sido a conclus\u00e3o de pesquisadores, como Vit\u00f3rio Peret. Ele sustenta que a diferen\u00e7a de modo de opera\u00e7\u00e3o evidencia intelig\u00eancias diferentes engajadas em um projeto comum de investiga\u00e7\u00e3o da popula\u00e7\u00e3o humana.<\/p>\n<p class=\"has-text-align-justify has-medium-font-size\">Foram identificados pela miss\u00e3o militar nove objetos diferentes. O mais interessante \u00e9 que a multiplicidade de objetos avistados vai de par com a grande incid\u00eancia de uma forma de contato, que poder\u00edamos chamar de \u201ccontato mec\u00e2nico\u201d, isto \u00e9, o contato com o que supomos serem experimentos cient\u00edficos com o objetivo de estudar as popula\u00e7\u00f5es ribeirinhas. Esses \u201ccontatos mec\u00e2nicos\u201d deixaram sequelas vis\u00edveis e documentadas. Nenhum exame detalhado dos objetos, suas fun\u00e7\u00f5es e as marcas que deixaram, foi ainda feito nos documentos oficiais. Por incr\u00edvel que pare\u00e7a, os documentos da Opera\u00e7\u00e3o Prato talvez seja o \u00fanico registro na casu\u00edstica mundial de objetos diferentes engajados em experi\u00eancias cient\u00edficas, e registrados com a mesma metodologia. \u00c9 um estudo fundamental para colhermos mais elementos sobre a quest\u00e3o sempre recorrente em Ufologia: o que eles querem de n\u00f3s?<\/p>\n<p class=\"has-text-align-justify has-medium-font-size\">Outra forma de contato, ainda dentro da l\u00f3gica de estudo de uma popula\u00e7\u00e3o humana, s\u00e3o as abdu\u00e7\u00f5es. N\u00e3o h\u00e1 nos documentos liberados registro de nenhum relato direto de abdu\u00e7\u00e3o. Temos, por\u00e9m, v\u00e1rios ind\u00edcios de que isso ocorreu, como no depoimento de Paulo C\u00e9sar dos Santos (Jornal O Estado do Par\u00e1, 10\/11\/77, Documentos Oficiais): \u201cEu estava na sala da minha casa assistindo televis\u00e3o, quando em dado momento senti necessidade de ir \u00e0 cozinha. Foi quando vi uma luz azulada entrar pelas frestas da casa, tentando me levar para o espa\u00e7o. Fiquei bastante apavorado com o que via. Comecei a gritar pedindo socorro. Minha m\u00e3e que estava na resid\u00eancia de um vizinho, quando escutou meus gritos, veio correndo pensando que fosse ladr\u00e3o. Me vendo quase sem fala ela correu para o quintal e tamb\u00e9m teve a mesma sensa\u00e7\u00e3o que eu tive e viu a luz azulada que lhe encadeava, querendo puxar-lhe para o espa\u00e7o, como um im\u00e3.\u201d A luz azulada parece estar quase sempre associada \u00e0 abdu\u00e7\u00e3o, e seria bem interessante verificar nos documentos se \u00e9 sempre assim, e se essa mesma luz encontra-se em outro tipo de contato, por exemplo.<\/p>\n<p class=\"has-text-align-justify has-medium-font-size\">Vendo televis\u00e3o, deitado na cama, acendendo a luz da cozinha, ou simplesmente andando na rua, as atividades quotidianas da popula\u00e7\u00e3o dessa regi\u00e3o do Brasil foi modificada pela interfer\u00eancia massiva do fen\u00f4meno Ufo. Houve contato com indiv\u00edduos, mas tamb\u00e9m com quase toda a popula\u00e7\u00e3o.<\/p>\n<p class=\"has-text-align-justify has-medium-font-size\">Segundo os depoimentos, impressionantes, as rela\u00e7\u00f5es sociais foram modificadas para a popula\u00e7\u00e3o se defender mutuamente de bolas luminosas de tamanhos variados, sobrevoando a baixa altitude a pequena cidade, at\u00e9 naves, tamb\u00e9m \u00e0 baixa altitude, como que procurando certos moradores. A invas\u00e3o de privacidade era tamanha, que essas luzes entravam pelas frestas dos telhados e janelas das casas, para atingirem as testemunhas no interior das habita\u00e7\u00f5es.<\/p>\n<p class=\"has-text-align-justify has-medium-font-size\">A popula\u00e7\u00e3o inteira juntava-se em tr\u00eas casas ou na igreja de Nossa Senhora do Perp\u00e9tuo Socorro. Rezavam, cantavam can\u00e7\u00f5es religiosas. Na rua, soltavam morteiros e roj\u00f5es para afugentar os fen\u00f4menos. Essas a\u00e7\u00f5es da popula\u00e7\u00e3o foram relativamente eficazes, afastando muitas vezes os eventos, o que evidencia uma comunica\u00e7\u00e3o da intelig\u00eancia atuante com a popula\u00e7\u00e3o como um todo. Essa \u00e9 uma quest\u00e3o importante para entendermos melhor a natureza do contato que foi feito ali.<\/p>\n<p class=\"has-text-align-justify has-medium-font-size\">Al\u00e9m disso, temos outra dimens\u00e3o da quest\u00e3o, tamb\u00e9m recorrente em Ufologia, de saber se o contato ser\u00e1 com autoridades constitu\u00eddas, tipo \u201clevem-me a seu l\u00edder\u201d. A Opera\u00e7\u00e3o Prato foi um momento hist\u00f3rico perdido de contato entre seres de outro planeta e as autoridades humanas constitu\u00eddas do nosso pa\u00eds?<\/p>\n<p class=\"has-text-align-justify has-medium-font-size\">Vamos voltar \u00e0 entrevista hist\u00f3rica feita por Ademar Gevaerd e Marco Antonio Petit com o Cel. Hollanda, verdadeiro fio condutor para quem estuda a Opera\u00e7\u00e3o Prato. \u00a0Marco Antonio Petit pergunta \u00e0 Uyrang\u00ea Hollanda: \u201cVoc\u00eas chegaram a perceber algum tipo de intera\u00e7\u00e3o entre o que voc\u00eas estavam fazendo e o pr\u00f3prio fen\u00f4meno?\u201d Uyrang\u00ea responde: \u201cEssa pergunta \u00e9 muito interessante. \u00c0 n\u00f3s parecia que eles tinham absoluta certeza de onde n\u00f3s est\u00e1vamos. Eles n\u00e3o procuravam n\u00e3o. Eles estavam em cima da gente. Depois de algum tempo em que n\u00f3s estivemos l\u00e1, depois de um m\u00eas, as coisas vieram em cima da equipe, eles sabiam o que a gente estava fazendo. Voc\u00ea podia se deslocar: estava aqui, ia para outro lugar, \u00e9 para l\u00e1 que eles iam. Como se eles tivessem conhecimento da nossa movimenta\u00e7\u00e3o. Sabiam com seguran\u00e7a onde est\u00e1vamos e o que est\u00e1vamos fazendo.\u201d<\/p>\n<p class=\"has-text-align-justify has-medium-font-size\">Houve ainda numerosos momentos de comunica\u00e7\u00e3o entre os fen\u00f4menos e a miss\u00e3o militar. O Cel. Hollanda conta um desses, que parece ter sido de ordem telep\u00e1tica: \u201cVeja bem: n\u00f3s tivemos a informa\u00e7\u00e3o de que na ilha de Mosqueiro, num lugar chamado Ba\u00eda do Sol, estavam acontecendo coisas. A Ba\u00eda do Sol \u00e9 muito pr\u00f3xima de Colares, \u00e9 uma outra ilha. Tem o Canal da Laura, entre Mosqueiro e Colares. Como est\u00e1vamos investigando tudo, nos dirigimos para a Ba\u00eda do Sol. Eu sempre era questionado pelos agentes, que tinham mais f\u00e9 do que eu de que aquilo estava acontecendo que quando cheguei l\u00e1, j\u00e1 peguei o bonde andando. Eles me perguntavam \u201cmas, Capit\u00e3o, o senhor n\u00e3o acredita em nada?\u201d\u201cPara mim estamos vendo muita coisa que precisamos saber o que \u00e9. Eu n\u00e3o vi disco, n\u00e3o vi prova que fique satisfeito.\u201d Um deles, o oficial Fl\u00e1vio, at\u00e9 brincou comigo, dizendo \u201co senhor n\u00e3o quer que essa coisa d\u00ea uma volta em cima do senhor, acenda as luzes, s\u00f3 para o senhor acreditar?\u201dRespondi que seria interessante\u00a0 isso. \u201cApareceu uma luz, que veio no sentido norte\/sul, na nossa dire\u00e7\u00e3o, \u00e0 m\u00e9dia altura, se deteve, fez um c\u00edrculo em torno e depois foi embora. Levei uma gosada da turma e o sargento perguntou, \u201ce agora, patr\u00e3o?\u201d<\/p>\n<p>Entrevista de A.J.Gevaerd e Marco Antonio Petit com Uyrang\u00ea Hollanda:<\/p>\n<figure class=\"wp-block-embed-youtube wp-block-embed is-type-video is-provider-youtube wp-embed-aspect-16-9 wp-has-aspect-ratio\">\n<div class=\"wp-block-embed__wrapper\"><\/div><figcaption>Opera\u00e7\u00e3o Prato: Cel Uyrang\u00ea Hollanda conta tudo \u2013 05\/03\/2015.<\/figcaption><\/figure>\n<p class=\"has-text-align-justify has-medium-font-size\">Depoimentos interessantes, relativos \u00e0 transmiss\u00e3o de conhecimento, foram recolhidos pelo grupo Ufologia Amaz\u00f4nica, em recente viagem de pesquisa a Colares. Duas das testemunhas entrevistadas, que eram crian\u00e7as \u00e0 \u00e9poca e pediram sigilo quanto a seus nomes, foram na idade adulta estudar f\u00edsica, a outra biologia, para entenderem os acontecimentos que vivenciaram ent\u00e3o. Acreditamos que muitas outras pessoas tenham sido tocadas pelo desejo de saber em contato com o fen\u00f4meno Ufo, o que \u00e9 outra dimens\u00e3o interessante do contato. O fen\u00f4meno incita as pessoas a irem investigar.<\/p>\n<p class=\"has-text-align-justify has-medium-font-size\">Esses s\u00e3o apenas alguns exemplos da variedade e complexidade do contato a ser investigado nos documentos da Opera\u00e7\u00e3o Prato.<\/p>\n<p><strong>Geopol\u00edtica do contato<\/strong><\/p>\n<p class=\"has-text-align-justify has-medium-font-size\">A quest\u00e3o do contato nos leva tamb\u00e9m a examinar a pol\u00edtica que entra em jogo nas nossas rela\u00e7\u00f5es com extraterrestres. Primeiro, a mais antiga e conhecida, a pol\u00edtica do acobertamento da exist\u00eancia de extraterrestres em nosso mundo, de modo geral. O acobertamento vem sendo liderado pelos EUA, e muito se especula sobre a inger\u00eancia americana nas atividades da OP. O Brasil teria acordos de coopera\u00e7\u00e3o com a investiga\u00e7\u00e3o americana do fen\u00f4meno Ufo, pela incapacidade t\u00e9cnica de fazer an\u00e1lises laboratoriais detalhadas. Entregaria documentos em troca de financiamento para pesquisas em outros setores. Foi assim que ficamos sem os filmes produzidos pela miss\u00e3o militar, tamb\u00e9m, at\u00e9 onde sabemos, n\u00e3o fomos notificados sobre resultados das an\u00e1lises feitas eventualmente nesse material pelos americanos.<\/p>\n<p class=\"has-text-align-justify has-medium-font-size\">Embora o Cel. Hollanda afirme n\u00e3o ter conhecimento de miss\u00f5es militares americanas no Brasil na \u00e9poca da OP, muitos ind\u00edcios disso aparecem na hist\u00f3ria e nos pr\u00f3prios documentos.<\/p>\n<p class=\"has-text-align-justify has-medium-font-size\">Ningu\u00e9m sabe ainda ao certo, por exemplo, o envolvimento de quatro personagens enigm\u00e1ticos: o Padre Alfredo de La \u00d3, p\u00e1roco de Colares, americano, andava armado e possu\u00eda equipamentos de alta tecnologia para a \u00e9poca; Elisabeth B. Queminet, a misteriosa mulher da Ilha do Meio, desaparecida como por encanto das m\u00e3os da pol\u00edcia, depois de ser interpelada por v\u00e1rios acontecimentos estranhos na regi\u00e3o; o astronauta americano Fred E. Coattes, que deixou um c\u00f4modo de sua casa com as paredes cobertas de f\u00f3rmulas, que resta a definir se s\u00e3o matem\u00e1ticas, f\u00edsicas ou biol\u00f3gicas, ou qualquer outro tipo de nota\u00e7\u00e3o criptogr\u00e1fica, al\u00e9m de assinaturas de pessoas; e o uf\u00f3logo, tamb\u00e9m americano, Bob Pratt, cuja presen\u00e7a era notada na regi\u00e3o, logo que os fatos mais significativos aconteciam. A a\u00e7\u00e3o desses quatro personagens \u00e9 no m\u00ednimo intrigante, e sua presen\u00e7a em Colares no momento da Opera\u00e7\u00e3o Prato precisa ser mais bem estudada e esclarecida. Filme de espionagem e fic\u00e7\u00e3o, s\u00f3 que de verdade.<\/p>\n<p class=\"has-text-align-justify has-medium-font-size\">Os documentos trazem vest\u00edgios de que essa inger\u00eancia americana pode ter sido efetiva. Encontramos um relato da testemunha do avistamento de um ser, presumivelmente extraterrestre, traduzido em ingl\u00eas, \u00e0 m\u00e3o, no pr\u00f3prio documento, sugerindo uma pressa em comunicar o ocorrido aos americanos?<\/p>\n<p class=\"has-text-align-justify has-medium-font-size\">Toca ainda a quest\u00e3o pol\u00edtica, saber se os fen\u00f4menos eram ou n\u00e3o eram hostis. Foram experienciados pelas testemunhas como eventos de extrema hostilidade e viol\u00eancia. Vit\u00f3rio Peret pondera que as evid\u00eancias demonstram que as luzes e objetos criavam uma situa\u00e7\u00e3o de p\u00e2nico, prop\u00edcia para a extra\u00e7\u00e3o de sangue e talvez de algum outro fluido ou energia que n\u00f3s mesmos desconhecemos da nossa biologia. Mas que, passado o susto e as sequelas eventuais, a pessoa retomava seu t\u00f4nus habitual. Em sua opini\u00e3o, se as luzes quisessem realmente fazer algum mal, pela sua superioridade tecnol\u00f3gica, teriam aniquilado os humanos de Colares.<\/p>\n<figure class=\"wp-block-image size-large is-style-rounded\"><img loading=\"lazy\" decoding=\"async\" class=\"wp-image-562\" src=\"https:\/\/lallabarretto.com\/wp-content\/uploads\/2020\/08\/47lalla-barreto-operacao-prato.jpg\" alt=\"\" width=\"850\" height=\"566\" \/><figcaption><em>Foto: Wagner Santana<\/em>.<\/figcaption><\/figure>\n<p class=\"has-text-align-justify has-medium-font-size\">Hoje, pesquisadores como Vit\u00f3rio Peret e Armando Monteiro, bem como a pr\u00f3pria popula\u00e7\u00e3o da ilha, concluem que os acontecimentos registrados pela miss\u00e3o militar eram atividades relacionadas \u00e0 instala\u00e7\u00e3o de uma ou v\u00e1rias bases subaqu\u00e1ticas extraterrestres, nessa regi\u00e3o onde existiriam um ou muitos portais de comunica\u00e7\u00e3o com mundos interestelares ou interdimensionais. Se eles estavam se instalando ali, o conhecimento das popula\u00e7\u00f5es ribeirinhas, o teste de diferentes formas de contato, e tudo o mais que exibiram, come\u00e7a a fazer todo o sentido. Estariam se instalando em nosso mundo? Ap\u00f3s o paroxismo dos eventos, eles continuaram e continuam acontecendo, de maneira bem mais distante e discreta. Uma vez instaladas as bases subaqu\u00e1ticas, as luzes entraram na paisagem, embora sejam sempre percebidas pela popula\u00e7\u00e3o como extraterrestres e n\u00e3o humanas. Est\u00e3o na paisagem quotidiana, mas n\u00e3o fazem parte dela. A popula\u00e7\u00e3o nunca se acostumou realmente com as luzes, mas convive hoje com elas, de maneira bem mais pac\u00edfica do que no passado. Estudar sua atividade atrav\u00e9s dos documentos \u00e9 colher conhecimento sobre o que precisaram conhecer sobre n\u00f3s no momento dessa instala\u00e7\u00e3o. V\u00e1rias formas de contato foram colocadas em execu\u00e7\u00e3o, em Colares e sua regi\u00e3o.<\/p>\n<p class=\"has-text-align-justify has-medium-font-size\">A intelig\u00eancia por tr\u00e1s do fen\u00f4meno respondeu ao pensamento dos observadores, caracterizando uma vontade evidente engajada no contato. Membro ativo da Comiss\u00e3o Brasileira de Uf\u00f3logos, que obteve a libera\u00e7\u00e3o dos documentos, perguntei ent\u00e3o a Marco Antonio Petit se os registros da OP poderiam trazer informa\u00e7\u00f5es que queriam nos comunicar, com seu exibicionismo quotidiano. Ele me respondeu que os extraterrestres \u201csabiam perfeitamente que estavam sendo documentados. Mais do que isso: agiram explicitamente para serem documentados das mais variadas formas, e com os mais diferentes equipamentos. Mas esse aspecto se restringe \u00e0 colabora\u00e7\u00e3o para gera\u00e7\u00e3o dos filmes, fotos, grava\u00e7\u00f5es contendo sons emitidos pelos UFOs, etc.\u201d Sem sombra de d\u00favidas, os documentos liberados s\u00e3o o resultado dessa intera\u00e7\u00e3o,\u00a0 e saber disso \u00e9 um convite ao estudo desses registros.<\/p>\n<p class=\"has-text-align-justify has-medium-font-size\">O fen\u00f4meno Ufo \u00e9 impalp\u00e1vel por natureza, mas continua sendo registrado h\u00e1 quase quarenta anos na regi\u00e3o. A Ufologia brasileira est\u00e1 ent\u00e3o numa interessante e desafiadora situa\u00e7\u00e3o epistemol\u00f3gica: possui o que podemos chamar de \u201cprovas\u201d da exist\u00eancia real do fen\u00f4meno \u2013 na medida em que os documentos resultam de uma miss\u00e3o oficial do governo brasileiro \u2013, al\u00e9m de refletirem a intera\u00e7\u00e3o dos Ufos no seu pr\u00f3prio registro, o que nos permite supor que os documentos tragam algum tipo de transmiss\u00e3o de conhecimento.<\/p>\n<p><strong>Colares Hoje<\/strong><\/p>\n<p class=\"has-text-align-justify has-medium-font-size\">As testemunhas do Maranh\u00e3o me levaram a estudar a Opera\u00e7\u00e3o Prato e, em consequ\u00eancia disso, ao privil\u00e9gio de entrevistar longamente Vit\u00f3rio Peret, um dos maiores uf\u00f3logos brasileiros, figura humana incompar\u00e1vel pela generosidade meio maneira com que compartilha seus conhecimentos. Um dia o Peret me diz que estava indo fazer vig\u00edlia em Colares, se eu queria ir tamb\u00e9m. Disse que sim, na mesma hora! Preparando a viagem, conversava com um amigo uf\u00f3logo que me perguntou se estava apreensiva. S\u00f3 ent\u00e3o me dei conta de que estava prestes a embarcar numa aventura inusitada, que poderia me confrontar com acontecimentos muito al\u00e9m da minha pr\u00f3pria imagina\u00e7\u00e3o.<\/p>\n<p class=\"has-text-align-justify has-medium-font-size\">Lembrei ent\u00e3o das tr\u00eas vig\u00edlias ufol\u00f3gicas que fiz em Itaipu, nos encontros do F\u00f3rum Mundial de Ufologia. Duas conduzidas por Marco Antonio Petit e Toni Inajar, e a terceira por Carlos Odone. Essas refer\u00eancias me mostraram que estava meio fora do eixo que \u00e9 preciso ter para integrar favoravelmente uma vig\u00edlia. Fui conversar com Toni Inajar, que me deu todas as dicas indispens\u00e1veis, com um pequeno tratamento de choque, ao me dizer para estar preparada, caso fosse necess\u00e1rio me defender, quer de humanos, quer de extraterrestres!<\/p>\n<p class=\"has-text-align-justify has-medium-font-size\">Foram quatro dias m\u00e1gicos em Bel\u00e9m. Descoberta de uma civiliza\u00e7\u00e3o, de um outro pa\u00eds sendo puro Brasil. Aventura conduzida pelo querido amigo Walcyr Monteiro, grande escritor e folclorista paraense, com quem compartilhei longas conversas, ta\u00e7as de vinho e a maravilhosa culin\u00e1ria paraense. E Bel\u00e9m era s\u00f3 festa junina e apresenta\u00e7\u00e3o do teatro popular, chamado \u201cP\u00e1ssaro\u201d, opereta c\u00f4mica. Talento, gra\u00e7a e beleza.<\/p>\n<p class=\"has-text-align-justify has-medium-font-size\">Encontrei o que iria descobrir ser o grupo \u201cUfologia Amaz\u00f4nica\u201d na igreja do C\u00edrio de Nazar\u00e9, em Bel\u00e9m, de onde partimos rumo a Colares. Conheci ent\u00e3o outro grande pesquisador, o empres\u00e1rio paraense Armando Monteiro, tamb\u00e9m j\u00e1 h\u00e1 quase quarenta anos estudando a Opera\u00e7\u00e3o Prato e seu grande divulgador, pois vem produzindo v\u00eddeos interessant\u00edssimos sobre os diferentes aspectos da miss\u00e3o militar e registrando desde ent\u00e3o os eventos ufol\u00f3gicos na regi\u00e3o. Saindo de Bel\u00e9m, pegamos o premiad\u00edssimo fot\u00f3grafo Wagner Santana, que tem uma intimidade particular com os fen\u00f4menos, j\u00e1 que sua m\u00e3e foi perseguida pela luz, e ele vem fazendo o registro fotogr\u00e1fico de suas pr\u00f3prias experi\u00eancias.<\/p>\n<p class=\"has-text-align-justify has-medium-font-size\">A partir da\u00ed, a conversa foi s\u00f3 Ufologia. Logo nos reconhecemos como \u201cprimos\u201d, numa viagem de estudo e pesquisa, mas tamb\u00e9m muito divertida! Cinco minutos de travessia do rio Guajar\u00e1-mirim, margeado de uma nesga de areia e da floresta amaz\u00f4nica, verde e densa, e chegamos ao arco de entrada, que d\u00e1 as boas-vindas a Colares. A beleza arrebatadora da ilha brilhava ao sol em todos os tons de verde, de terra vermelha, das \u00e1rvores amaz\u00f4nicas, que n\u00e3o conhecia, e fizeram vibrar a nota ind\u00edgena ancestral. \u201cTajapanema chorou no terreiro, Tajapanema chorou no terreiro \u2026 o boto n\u00e3o dorme no fundo do rio \u2026\u201d, fui cantarolando Waldemar Henrique, tudo o que sabia do Par\u00e1, at\u00e9 que a civiliza\u00e7\u00e3o viesse encher os sentidos, como uma visagem colorida. O estado do Par\u00e1 \u00e9 uma civiliza\u00e7\u00e3o. Quase outro pa\u00eds, tal a for\u00e7a da identidade cultural cabocla. Essa identidade \u00e9 cuidadosamente cultivada pelos paraenses, que amam sua maneira particular de viver.<\/p>\n<p class=\"has-text-align-justify has-medium-font-size\">Chama a aten\u00e7\u00e3o, por exemplo, o feliz descaso que os paraenses em geral, e o povo de Colares em particular, t\u00eam pelo conforto material. Ficamos com a impress\u00e3o de que s\u00e3o mal adaptados a casas e m\u00f3veis, como se essas coisas n\u00e3o correspondessem ao conforto das habita\u00e7\u00f5es tradicionais, de uma boa rede de algod\u00e3o, da fam\u00edlia vivendo todo mundo junto, da alta gastronomia na mesa, que trazem impresso na alma. Abandonaram aquilo que o homem moderno anseia como conforto e arte de viver em harmonia com a natureza, e n\u00e3o t\u00eam o m\u00ednimo conforto moderno para oferecer.<\/p>\n<p class=\"has-text-align-justify has-medium-font-size\">Nossa pousada era dita a melhor da ilha, tamb\u00e9m pela sua localiza\u00e7\u00e3o na praia do Humait\u00e1, bem em frente ao suposto portal, rota dos Ufos em nosso mundo. Ficar nessa pousada \u00e9 ent\u00e3o como comprar um camarote no Samb\u00f3dromo para o Carnaval carioca. S\u00f3 que o dono da pousada n\u00e3o est\u00e1 nem a\u00ed com isso. Apresentou nossos quartos. O meu, no t\u00e9rreo. Quando abri a porta, s\u00e9rio que n\u00e3o acreditei: um lugar sufocante de mofo, com as paredes sujas e empoeiradas, uma l\u00e2mpada pendendo do teto, um ar-condicionado (tinha!) com fios desencapados, e uma cama, que me pareceu esquisita e que ficou esquisit\u00edssima quando fui examinar de perto. Resolvi come\u00e7ar por higienizar tudo. Um enorme tubo de inseticida foi gasto nessa opera\u00e7\u00e3o, junto com um spray para purificar o ar. O banheiro, porque era uma su\u00edte, sofreu as mesmas medidas dr\u00e1sticas. Quando volto ao quarto, uma enorme barata andava em cima da cama!!! \u00danica mulher da equipe de pesquisadores tive que engolir o \u201cprimos, uma barataaaaaa!!!\u201d, pensando que se os companheiros uf\u00f3logos fossem chamados, nunca mais me admitiriam em uma vig\u00edlia! Com coragem fiz a dita ir para o ch\u00e3o, onde despejei mais meia bomba de inseticida nela, que continuava a mexer alegremente as perninhas amaz\u00f4nicas. \u00c9 que \u00e9 l\u00e1 o habitat daquela for\u00e7a da natureza, indiferente a tudo o que tem de mais t\u00f3xico no mercado humano.<\/p>\n<p class=\"has-text-align-justify has-medium-font-size\">Esse \u00e9 o grande obst\u00e1culo ao desenvolvimento de um turismo ufo-ecol\u00f3gico, que, entretanto, parece uma evid\u00eancia para o desenvolvimento econ\u00f4mico da ilha, que vive at\u00e9 hoje essencialmente da pesca. Fora desenhos e caricaturas de ETs em diversos estabelecimentos comerciais, e um bloco que sai no Carnaval com a tem\u00e1tica extraterrestre, nada mais remete a um interesse das pessoas do lugar em desenvolver esse tipo de turismo. E Colares n\u00e3o tem voca\u00e7\u00e3o para balne\u00e1rio, j\u00e1 que suas praias s\u00e3o impr\u00f3prias para banho por serem o habitat de arraias. Sem praia, mas com muitos rios e igarap\u00e9s, em meio \u00e0 beleza luxuriante da ilha. Mas faltam guias preparados que conhe\u00e7am a ecologia do lugar e os eventos acontecidos ali, pois Colares vem se tornando um lugar perigoso, com uma costa mal vigiada, onde todo tipo de tr\u00e1fico ocorre impunemente, e onde as precau\u00e7\u00f5es sugeridas por Toni Inajar podem, sim, se tornar necess\u00e1rias.<\/p>\n<p class=\"has-text-align-justify has-medium-font-size\">Fomos ent\u00e3o acompanhados por Eden para a vig\u00edlia na Praia do Machadinho. No caminho, lembrando a vig\u00edlia com Carlos Odone, procurei entrar num estado meditativo. Chegamos ao final da tarde, o verde da floresta j\u00e1 escuro, esperando a noite, o c\u00e9u e o mar rajados de ouro e prata. \u00c1rvores retorcidas plantaram suas poderosas ra\u00edzes na areia, emprestando um ar ins\u00f3lito e misterioso \u00e0 paisagem de outro planeta. O estado meditativo \u00e9 estranhamente propiciado pela pr\u00f3pria estranheza do lugar. Nada escapou ao olhar de Wagner Santana, que fez fotos emblem\u00e1ticas do lugar, nesse crep\u00fasculo especial de vig\u00edlia.<\/p>\n<figure class=\"wp-block-image size-large is-style-rounded\"><img loading=\"lazy\" decoding=\"async\" class=\"wp-image-563\" src=\"https:\/\/lallabarretto.com\/wp-content\/uploads\/2020\/08\/49lalla-barreto-operacao-prato.jpg\" alt=\"\" width=\"644\" height=\"404\" \/><figcaption><em>Foto: Wagner Santana<\/em>.<\/figcaption><\/figure>\n<p class=\"has-text-align-justify has-medium-font-size\">Ap\u00f3s uma leve chuvinha fina, as nuvens se abriram bem em cima de n\u00f3s, deixando \u00e0 vista a profundidade do bel\u00edssimo c\u00e9u de Colares, coalhado de estrelas. Vimos luzes com comportamento diferente, muito ao longe por\u00e9m, mas pudemos descartar sat\u00e9lites, esta\u00e7\u00e3o internacional, e outros objetos celestes atrav\u00e9s de aplicativos. Muitas vig\u00edlias vir\u00e3o.<\/p>\n<figure><strong>Ufologia Amaz\u00f4nica<\/strong><\/figure>\n<figure class=\"wp-block-image size-large is-style-rounded\"><img loading=\"lazy\" decoding=\"async\" class=\"wp-image-564\" src=\"https:\/\/lallabarretto.com\/wp-content\/uploads\/2020\/08\/48lalla-barreto-operacao-prato.jpg\" alt=\"\" width=\"656\" height=\"444\" \/><figcaption><em>Foto: Vit\u00f3rio Peret, Grupo Ufologia Amaz\u00f4nica, Armando Monteiro, Vit\u00f3rio Peret, Lall\u00e1 Barretto e Wagner Santana.<\/em><\/figcaption><\/figure>\n<p class=\"has-text-align-justify has-medium-font-size\">Todo o trabalho que viemos expondo ao longo deste artigo foi realizado em equipe, pelos pesquisadores do grupo Ufologia Amaz\u00f4nica, de Vit\u00f3rio Peret, Armando Monteiro e Wagner Santana, que tive a grande sorte de integrar de maneira permanente a partir da viagem.<\/p>\n<p class=\"has-text-align-justify has-medium-font-size\">Nesta ocasi\u00e3o, o grupo Ufologia Amaz\u00f4nica fez uma entrevista in\u00e9dita com o senhor Rosil Aranha de Oliveira, barqueiro e guia do Capit\u00e3o Hollanda, que nunca concedeu entrevistas, aconselhado pelo pr\u00f3prio comandante da miss\u00e3o, para evitar problemas para ele pr\u00f3prio e sua fam\u00edlia.<\/p>\n<figure class=\"wp-block-embed-youtube wp-block-embed is-type-video is-provider-youtube wp-embed-aspect-16-9 wp-has-aspect-ratio\"><\/figure>\n<p class=\"has-text-align-justify has-medium-font-size\">Esta entrevista j\u00e1 se encontra dispon\u00edvel para a comunidade ufol\u00f3gica no site Ufologia Amaz\u00f4nica. E, tamb\u00e9m , outra entrevista in\u00e9dita com o uf\u00f3logo Daniel Rebisso Giese, pioneiro das investiga\u00e7\u00f5es sobre a Opera\u00e7\u00e3o Prato, mas h\u00e1 muito afastado da Ufologia.<\/p>\n<figure class=\"wp-block-embed-youtube wp-block-embed is-type-video is-provider-youtube wp-embed-aspect-16-9 wp-has-aspect-ratio\">\n<div class=\"wp-block-embed__wrapper\"><\/div><figcaption><em>Lall\u00e1 Barretto entrevista Daniel Rebisso, 2017. <\/em><\/figcaption><\/figure>\n<p class=\"has-text-align-justify has-medium-font-size\">A viagem teve tamb\u00e9m o efeito de revelar nossa criatividade. Cada um de n\u00f3s voltou com novas perspectivas de estudo e pesquisa, sobre os diversos aspectos da Opera\u00e7\u00e3o Prato, que colocaremos \u00e0 disposi\u00e7\u00e3o de todos na medida em que forem sendo elaborados. E aproveitamos para convidar todos os pesquisadores interessados na Opera\u00e7\u00e3o Prato a integrarem nosso grupo de pesquisa sobre um dos maiores acontecimentos ufol\u00f3gicos do planeta.<\/p>\n<p>&nbsp;<\/p>\n<figure class=\"wp-block-embed-youtube wp-block-embed is-type-video is-provider-youtube wp-embed-aspect-16-9 wp-has-aspect-ratio\">\n<div class=\"wp-block-embed__wrapper\"><img loading=\"lazy\" decoding=\"async\" class=\"alignnone size-full wp-image-1380021\" src=\"https:\/\/bocudo.com\/wp-content\/uploads\/2003\/04\/MINI-noticias-removebg.png\" alt=\"\" width=\"200\" height=\"200\" \/><\/div>\n<\/figure>\n<p>&nbsp;<\/p>\n<p>Fonte:\u00a0 <a href=\"https:\/\/lallabarretto.com\">Lall\u00e1 Barretto<\/a>.<\/p>\n<div style=\"text-align: center; margin: 20px 0;\"><script async src=\"https:\/\/pagead2.googlesyndication.com\/pagead\/js\/adsbygoogle.js?client=ca-pub-4475525115208877\" crossorigin=\"anonymous\"><\/script><br \/>\n<ins class=\"adsbygoogle\" style=\"display: block; text-align: center;\" data-ad-layout=\"in-article\" data-ad-format=\"fluid\" data-ad-client=\"ca-pub-4475525115208877\" data-ad-slot=\"7970302005\"><\/ins><br \/>\n<script>\n     (adsbygoogle = window.adsbygoogle || []).push({});\n<\/script><\/div>\n","protected":false},"excerpt":{"rendered":"<p>&nbsp; Foto: Wagner Santana Nosso principal interesse na Ufologia s\u00e3o as origens extraterrestres da humanidade&#8230;<\/p>\n","protected":false},"author":1,"featured_media":1295153,"comment_status":"open","ping_status":"open","sticky":false,"template":"","format":"standard","meta":{"footnotes":""},"categories":[8197,8270,8271],"tags":[19402,767,4231,190],"class_list":["post-1252023","post","type-post","status-publish","format-standard","has-post-thumbnail","hentry","category-conhecimento-e-curiosidades","category-misterios-conhecimento-e-curiosidades","category-ufologia","tag-civilizacoes","tag-extraterrestres","tag-humanidade","tag-ufologia"],"_links":{"self":[{"href":"https:\/\/bocudo.com\/index.php?rest_route=\/wp\/v2\/posts\/1252023","targetHints":{"allow":["GET"]}}],"collection":[{"href":"https:\/\/bocudo.com\/index.php?rest_route=\/wp\/v2\/posts"}],"about":[{"href":"https:\/\/bocudo.com\/index.php?rest_route=\/wp\/v2\/types\/post"}],"author":[{"embeddable":true,"href":"https:\/\/bocudo.com\/index.php?rest_route=\/wp\/v2\/users\/1"}],"replies":[{"embeddable":true,"href":"https:\/\/bocudo.com\/index.php?rest_route=%2Fwp%2Fv2%2Fcomments&post=1252023"}],"version-history":[{"count":4,"href":"https:\/\/bocudo.com\/index.php?rest_route=\/wp\/v2\/posts\/1252023\/revisions"}],"predecessor-version":[{"id":1388909,"href":"https:\/\/bocudo.com\/index.php?rest_route=\/wp\/v2\/posts\/1252023\/revisions\/1388909"}],"wp:featuredmedia":[{"embeddable":true,"href":"https:\/\/bocudo.com\/index.php?rest_route=\/wp\/v2\/media\/1295153"}],"wp:attachment":[{"href":"https:\/\/bocudo.com\/index.php?rest_route=%2Fwp%2Fv2%2Fmedia&parent=1252023"}],"wp:term":[{"taxonomy":"category","embeddable":true,"href":"https:\/\/bocudo.com\/index.php?rest_route=%2Fwp%2Fv2%2Fcategories&post=1252023"},{"taxonomy":"post_tag","embeddable":true,"href":"https:\/\/bocudo.com\/index.php?rest_route=%2Fwp%2Fv2%2Ftags&post=1252023"}],"curies":[{"name":"wp","href":"https:\/\/api.w.org\/{rel}","templated":true}]}}