{"id":1242591,"date":"2023-06-06T10:11:22","date_gmt":"2023-06-06T13:11:22","guid":{"rendered":"https:\/\/bocudo.com\/?p=1242591"},"modified":"2026-02-26T11:45:51","modified_gmt":"2026-02-26T14:45:51","slug":"centenaria-arvore-de-florianopolis-passa-por-sequenciamento-genetico-para-descoberta-de-origem-entenda","status":"publish","type":"post","link":"https:\/\/bocudo.com\/?p=1242591","title":{"rendered":"Centen\u00e1ria \u00e1rvore de Florian\u00f3polis passa por sequenciamento gen\u00e9tico para descoberta de origem; entenda"},"content":{"rendered":"<div style=\"text-align: center; margin: 20px 0;\"><script async src=\"https:\/\/pagead2.googlesyndication.com\/pagead\/js\/adsbygoogle.js?client=ca-pub-4475525115208877\" crossorigin=\"anonymous\"><\/script><br \/>\n<ins class=\"adsbygoogle\" style=\"display: block; text-align: center;\" data-ad-layout=\"in-article\" data-ad-format=\"fluid\" data-ad-client=\"ca-pub-4475525115208877\" data-ad-slot=\"7970302005\"><\/ins><br \/>\n<script>\n     (adsbygoogle = window.adsbygoogle || []).push({});\n<\/script><\/div>\n<p><img decoding=\"async\" src=\"https:\/\/s2-g1.glbimg.com\/NIb5oEK38ZbcnZYExCMeVg8LYv4=\/i.s3.glbimg.com\/v1\/AUTH_59edd422c0c84a879bd37670ae4f538a\/internal_photos\/bs\/2023\/Z\/R\/ndnLc1S1iRrZN3DPAGmw\/genetica-vegetal.jpeg\" \/><br \/>\n\u00c1rvore da Pra\u00e7a XV passa por processo de sequenciamento gen\u00e9tico para descobrir origem<br \/>\nTiago Ghizoni\/NSC<\/p>\n<p>Pesquisadores do laborat\u00f3rio de gen\u00e9tica vegetal da Universidade Federal de Santa Catarina (UFSC) buscam, por sequenciamento gen\u00e9tico, descobrir a identidade da Figueira da Pra\u00e7a XV, em Florian\u00f3polis. Centen\u00e1ria, a \u00e1rvore \u00e9 um dos principais cart\u00f5es-postais da Capital de Santa Catarina, mas ainda n\u00e3o tem definida a origem e esp\u00e9cie.<br \/>\nO trabalho \u00e9 feito desde mar\u00e7o pelo professor de biotecnologia Valdir Stefenon junto com os estudantes de p\u00f3s-doutorado Yohan Fritsche e Thiago Ornellas.<\/p>\n<p>Segundo os especialistas, at\u00e9 o momento se tem a evid\u00eancia de que a esp\u00e9cie que habita a pra\u00e7a \u00e9 ex\u00f3tica, ou seja, n\u00e3o \u00e9 origin\u00e1ria do Brasil. Outros detalhes, no entanto, devem ser divulgados nas pr\u00f3ximas semanas.<br \/>\nAp\u00f3s confirmarem a esp\u00e9cie da figueira, conforme os pesquisadores, ser\u00e1 poss\u00edvel avan\u00e7ar e buscar possibilidades para a chegada da \u00e1rvore na cidade. At\u00e9 os dias atuais, n\u00e3o se sabe ao certo como e por quem ela foi levada para a pra\u00e7a.<br \/>\n&#8220;A partir do conhecimento exato, \u00e9 poss\u00edvel dizer de onde ela veio, se foi do Rio de Janeiro ou de outras partes do mundo&#8221;, explicou Stefenon.<\/p>\n<p>Tema de lendas contadas h\u00e1 gera\u00e7\u00f5es pelos moradores de Florian\u00f3polis, a figueira foi plantada por volta de 1870 na \u00e1rea que atualmente abriga a escadaria da Catedral, tamb\u00e9m no centro da cidade. Cerca de 20 anos depois, em 1891, ela foi transplantada para a pra\u00e7a e desde ent\u00e3o serviu de sombra aos viajantes, al\u00e9m de palco para festividades.<br \/>\nDia da \u00c1rvore: Projeto cataloga Imbuias gigantes, esp\u00e9cie s\u00edmbolo em risco de extin\u00e7\u00e3o<br \/>\nComo \u00e9 feita a pesquisa<br \/>\nPara a descoberta, os pesquisadores coletaram partes pequenas da \u00e1rvore quem cont\u00e9m genomas de cloroplastos. A subst\u00e2ncia pode ser encontrada, por exemplo, nas folhas de plantas. A partir disso, o material foi colocado em um equipamento de alta tecnologia que identificou e mostrou o DNA da figueira da Pra\u00e7a XV.<br \/>\nCom isso, os pesquisadores est\u00e3o conseguindo comparar os dados da \u00e1rvore da Capital com os de outras milhares esp\u00e9cies registradas em um banco de dados mundial.<br \/>\n&#8220;Dessa forma, a gente consegue mostrar que a ci\u00eancia tamb\u00e9m contribui e se mistura com a hist\u00f3ria, que a ci\u00eancia tem que sair das quatro paredes do laborat\u00f3rio. Acho muito importante que n\u00e3o estamos fazendo algo s\u00f3 para o mundo cientifico, mas produzindo conhecimento para a cultura da cidade&#8221;, explicou o professor.<\/p>\n<p>\u00c1rvores de &#8216;esp\u00e9cies ex\u00f3ticas invasoras&#8217; com proibi\u00e7\u00e3o de plantio em SC<br \/>\n\u00c1rvore ser\u00e1 clonada<br \/>\nAl\u00e9m do trabalho de sequenciamento gen\u00e9tico, os pesquisadores tamb\u00e9m desenvolvem uma pesquisa para clonagem da \u00e1rvore. Usando filamentos mais novos da \u00e1rvore, o processo vai ajudar a perpetuar as caracter\u00edsticas gen\u00e9ticas da atual figueira.<br \/>\nSegundo Stefenon, os primeiros resultados s\u00e3o positivos:<br \/>\n&#8220;\u00c9 um processo um pouco demorado, mas a gente acredita que dentro de um ano a gente vai ter uma quantidade consider\u00e1vel de clones da figueira. Se tem discutido com o grupo que esse clone pode ser [usado] de presente que caracterize exatamente o que \u00e9 Florian\u00f3polis. E para fortalecer la\u00e7os de amizade com outros munic\u00edpios, outros estados, outros pa\u00edses&#8221;, afirmou.<\/p>\n<div style=\"text-align: center; margin: 20px 0;\"><script async src=\"https:\/\/pagead2.googlesyndication.com\/pagead\/js\/adsbygoogle.js?client=ca-pub-4475525115208877\" crossorigin=\"anonymous\"><\/script><br \/>\n<ins class=\"adsbygoogle\" style=\"display: block; text-align: center;\" data-ad-layout=\"in-article\" data-ad-format=\"fluid\" data-ad-client=\"ca-pub-4475525115208877\" data-ad-slot=\"7970302005\"><\/ins><br \/>\n<script>\n     (adsbygoogle = window.adsbygoogle || []).push({});\n<\/script><\/div>\n","protected":false},"excerpt":{"rendered":"<p>\u00c1rvore da Pra\u00e7a XV passa por processo de sequenciamento gen\u00e9tico para descobrir origem Tiago Ghizoni\/NSC&#8230;<\/p>\n","protected":false},"author":1,"featured_media":1242592,"comment_status":"open","ping_status":"open","sticky":false,"template":"","format":"standard","meta":{"footnotes":""},"categories":[8197,8218,8217],"tags":[3003,19895,19897,19900,19896,19898,19899],"class_list":["post-1242591","post","type-post","status-publish","format-standard","has-post-thumbnail","hentry","category-conhecimento-e-curiosidades","category-meio-ambiente","category-natureza","tag-florianopolis-sc","tag-laboratorio-de-genetica-vegetal","tag-praca-xv","tag-thiago-ornellas","tag-universidade-federal-de-santa-catarina-ufsc","tag-valdir-stefenon","tag-yohan-fritsche"],"_links":{"self":[{"href":"https:\/\/bocudo.com\/index.php?rest_route=\/wp\/v2\/posts\/1242591","targetHints":{"allow":["GET"]}}],"collection":[{"href":"https:\/\/bocudo.com\/index.php?rest_route=\/wp\/v2\/posts"}],"about":[{"href":"https:\/\/bocudo.com\/index.php?rest_route=\/wp\/v2\/types\/post"}],"author":[{"embeddable":true,"href":"https:\/\/bocudo.com\/index.php?rest_route=\/wp\/v2\/users\/1"}],"replies":[{"embeddable":true,"href":"https:\/\/bocudo.com\/index.php?rest_route=%2Fwp%2Fv2%2Fcomments&post=1242591"}],"version-history":[{"count":3,"href":"https:\/\/bocudo.com\/index.php?rest_route=\/wp\/v2\/posts\/1242591\/revisions"}],"predecessor-version":[{"id":1304865,"href":"https:\/\/bocudo.com\/index.php?rest_route=\/wp\/v2\/posts\/1242591\/revisions\/1304865"}],"wp:featuredmedia":[{"embeddable":true,"href":"https:\/\/bocudo.com\/index.php?rest_route=\/wp\/v2\/media\/1242592"}],"wp:attachment":[{"href":"https:\/\/bocudo.com\/index.php?rest_route=%2Fwp%2Fv2%2Fmedia&parent=1242591"}],"wp:term":[{"taxonomy":"category","embeddable":true,"href":"https:\/\/bocudo.com\/index.php?rest_route=%2Fwp%2Fv2%2Fcategories&post=1242591"},{"taxonomy":"post_tag","embeddable":true,"href":"https:\/\/bocudo.com\/index.php?rest_route=%2Fwp%2Fv2%2Ftags&post=1242591"}],"curies":[{"name":"wp","href":"https:\/\/api.w.org\/{rel}","templated":true}]}}