{"id":1242589,"date":"2023-06-06T14:13:00","date_gmt":"2023-06-06T17:13:00","guid":{"rendered":"https:\/\/bocudo.com\/?p=1242589"},"modified":"2026-02-26T14:32:43","modified_gmt":"2026-02-26T17:32:43","slug":"fazendeiro-leva-multa-de-quase-r-190-mil-por-desmatamento-de-11-hectares-de-vegetacao-nativa-em-sandovalina","status":"publish","type":"post","link":"https:\/\/bocudo.com\/?p=1242589","title":{"rendered":"Fazendeiro leva multa de quase R$ 190 mil por desmatamento de 11 hectares de vegeta\u00e7\u00e3o nativa, em Sandovalina"},"content":{"rendered":"<div style=\"text-align: center; margin: 20px 0;\"><script async src=\"https:\/\/pagead2.googlesyndication.com\/pagead\/js\/adsbygoogle.js?client=ca-pub-4475525115208877\" crossorigin=\"anonymous\"><\/script><br \/>\n<ins class=\"adsbygoogle\" style=\"display: block; text-align: center;\" data-ad-layout=\"in-article\" data-ad-format=\"fluid\" data-ad-client=\"ca-pub-4475525115208877\" data-ad-slot=\"7970302005\"><\/ins><br \/>\n<script>\n     (adsbygoogle = window.adsbygoogle || []).push({});\n<\/script><\/div>\n<p><img decoding=\"async\" src=\"https:\/\/s2-g1.glbimg.com\/4U8FhbfUrzeaE892byNnsiQHj9c=\/i.s3.glbimg.com\/v1\/AUTH_59edd422c0c84a879bd37670ae4f538a\/internal_photos\/bs\/2023\/N\/N\/GALZGVQ0e7kAHIkjWDRA\/desmatamento2.jpg\" \/><br \/>\nFazendeiro levou multa de quase R$ 190 mil por desmatamento de 11 hectares de vegeta\u00e7\u00e3o nativa, em Sandovalina (SP)\u00a0 Pol\u00edcia Ambiental<\/p>\n<p>Um fazendeiro, de 45 anos, foi multado em R$ 189.071,25 por desmatamento e supress\u00e3o de \u00e1rvores em uma fazenda localizada em Sandovalina (SP), nesta ter\u00e7a-feira (6).<br \/>\nDe acordo com a Pol\u00edcia Militar Ambiental, a ocorr\u00eancia foi registrada durante a Opera\u00e7\u00e3o Semana do Meio Ambiente, quando a corpora\u00e7\u00e3o, que tinha acesso \u00e0s imagens de monitoramento via sat\u00e9lite, foi at\u00e9 o local verificar as condi\u00e7\u00f5es.<br \/>\nNa \u00e1rea rural, foi constatado o desmatamento de 11,4675 hectares de vegeta\u00e7\u00e3o nativa em est\u00e1gio inicial de regenera\u00e7\u00e3o, em \u00e1rea objetivo de especial preserva\u00e7\u00e3o. Por conta disto, foi elaborado um Auto de Infra\u00e7\u00e3o Ambiental no valor de R$ 63,071,25 em desfavor do propriet\u00e1rio do local.<\/p>\n<p><strong>Pol\u00edcia Ambiental<\/strong><br \/>\nOs policiais tamb\u00e9m constataram a supress\u00e3o isolada de 420 \u00e1rvores nativas em \u00e1rea comum, o que resultou na multa de R$ 126 mil para o fazendeiro.<br \/>\nAs \u00e1rvores suprimidas, de acordo com a Pol\u00edcia Ambiental, s\u00e3o das esp\u00e9cies \u201ccandeia, amendoim, maca\u00faba, leiteiro, angico preto, angico branco, entre outras\u201d.<br \/>\n\u201cAs \u00e1reas degradadas foram embargadas e o envolvido ir\u00e1 responder criminalmente\u201d, concluiu a pol\u00edcia ao g1.<br \/>\nAo todo, as multas chegaram ao valor de R$ 189.071,25.<\/p>\n<div style=\"text-align: center; margin: 20px 0;\"><script async src=\"https:\/\/pagead2.googlesyndication.com\/pagead\/js\/adsbygoogle.js?client=ca-pub-4475525115208877\" crossorigin=\"anonymous\"><\/script><br \/>\n<ins class=\"adsbygoogle\" style=\"display: block; text-align: center;\" data-ad-layout=\"in-article\" data-ad-format=\"fluid\" data-ad-client=\"ca-pub-4475525115208877\" data-ad-slot=\"7970302005\"><\/ins><br \/>\n<script>\n     (adsbygoogle = window.adsbygoogle || []).push({});\n<\/script><\/div>\n","protected":false},"excerpt":{"rendered":"<p>Fazendeiro levou multa de quase R$ 190 mil por desmatamento de 11 hectares de vegeta\u00e7\u00e3o&#8230;<\/p>\n","protected":false},"author":1,"featured_media":1242590,"comment_status":"open","ping_status":"open","sticky":false,"template":"","format":"standard","meta":{"footnotes":""},"categories":[8197,8218,8217],"tags":[19911,19910,19909],"class_list":["post-1242589","post","type-post","status-publish","format-standard","has-post-thumbnail","hentry","category-conhecimento-e-curiosidades","category-meio-ambiente","category-natureza","tag-operacao-semana-do-meio-ambiente","tag-policia-militar-ambiental","tag-sandovalina-sp"],"_links":{"self":[{"href":"https:\/\/bocudo.com\/index.php?rest_route=\/wp\/v2\/posts\/1242589","targetHints":{"allow":["GET"]}}],"collection":[{"href":"https:\/\/bocudo.com\/index.php?rest_route=\/wp\/v2\/posts"}],"about":[{"href":"https:\/\/bocudo.com\/index.php?rest_route=\/wp\/v2\/types\/post"}],"author":[{"embeddable":true,"href":"https:\/\/bocudo.com\/index.php?rest_route=\/wp\/v2\/users\/1"}],"replies":[{"embeddable":true,"href":"https:\/\/bocudo.com\/index.php?rest_route=%2Fwp%2Fv2%2Fcomments&post=1242589"}],"version-history":[{"count":3,"href":"https:\/\/bocudo.com\/index.php?rest_route=\/wp\/v2\/posts\/1242589\/revisions"}],"predecessor-version":[{"id":1304879,"href":"https:\/\/bocudo.com\/index.php?rest_route=\/wp\/v2\/posts\/1242589\/revisions\/1304879"}],"wp:featuredmedia":[{"embeddable":true,"href":"https:\/\/bocudo.com\/index.php?rest_route=\/wp\/v2\/media\/1242590"}],"wp:attachment":[{"href":"https:\/\/bocudo.com\/index.php?rest_route=%2Fwp%2Fv2%2Fmedia&parent=1242589"}],"wp:term":[{"taxonomy":"category","embeddable":true,"href":"https:\/\/bocudo.com\/index.php?rest_route=%2Fwp%2Fv2%2Fcategories&post=1242589"},{"taxonomy":"post_tag","embeddable":true,"href":"https:\/\/bocudo.com\/index.php?rest_route=%2Fwp%2Fv2%2Ftags&post=1242589"}],"curies":[{"name":"wp","href":"https:\/\/api.w.org\/{rel}","templated":true}]}}