{"id":1238760,"date":"2025-11-10T08:48:14","date_gmt":"2025-11-10T11:48:14","guid":{"rendered":"https:\/\/bocudo.com\/?p=1238760"},"modified":"2025-11-11T08:54:22","modified_gmt":"2025-11-11T11:54:22","slug":"mprj-recorre-da-absolvicao-de-reus-por-incendio-no-ninho-do-urubu","status":"publish","type":"post","link":"https:\/\/bocudo.com\/?p=1238760","title":{"rendered":"MPRJ recorre da absolvi\u00e7\u00e3o de r\u00e9us por inc\u00eandio no Ninho do Urubu"},"content":{"rendered":"<p><script async src=\"https:\/\/pagead2.googlesyndication.com\/pagead\/js\/adsbygoogle.js?client=ca-pub-4475525115208877\" crossorigin=\"anonymous\"><\/script><br \/>\n<!-- leolib10_main_Blog1_1x1_as --><br \/>\n<ins class=\"adsbygoogle\" style=\"display: block;\" data-ad-client=\"ca-pub-4475525115208877\" data-ad-slot=\"8862998544\" data-ad-format=\"auto\" data-full-width-responsive=\"true\"><\/ins><br \/>\n<script>\n     (adsbygoogle = window.adsbygoogle || []).push({});\n<\/script><\/p>\n<p><img loading=\"lazy\" decoding=\"async\" class=\"alignnone wp-image-1238772\" src=\"https:\/\/bocudo.com\/wp-content\/uploads\/2025\/11\/vitimas_ninho_urubu_flamengo_b5e58d2802_4a8a1656e0.jpeg\" alt=\"\" width=\"806\" height=\"554\" srcset=\"https:\/\/bocudo.com\/wp-content\/uploads\/2025\/11\/vitimas_ninho_urubu_flamengo_b5e58d2802_4a8a1656e0.jpeg 640w, https:\/\/bocudo.com\/wp-content\/uploads\/2025\/11\/vitimas_ninho_urubu_flamengo_b5e58d2802_4a8a1656e0-600x413.jpeg 600w\" sizes=\"auto, (max-width: 806px) 100vw, 806px\" \/><\/p>\n<p>O Minist\u00e9rio P\u00fablico do Estado do Rio de Janeiro (MPRJ) apresentou recurso contra a decis\u00e3o que absolveu os sete acusados pelo inc\u00eandio culposo no Ninho do Urubu, centro de treinamento do Flamengo. A trag\u00e9dia, ocorrida em 8 de fevereiro de 2019, matou dez adolescentes e deixou tr\u00eas feridos, todos atletas do clube.<\/p>\n<h2 class=\"wp-block-heading\">Quem s\u00e3o os r\u00e9us citados no recurso?<\/h2>\n<p>O pedido de reforma da senten\u00e7a foi protocolado por promotores do GAEDEST, do GAESF e da Promotoria de Justi\u00e7a junto \u00e0 36\u00aa Vara Criminal da Capital. O MPRJ requer a condena\u00e7\u00e3o de <strong>Antonio Marcio Mongelli Garotti<\/strong>, <strong>Cl\u00e1udia Pereira Rodrigues<\/strong>, <strong>Danilo da Silva Duarte<\/strong>, <strong>Edson Colman da Silva<\/strong>, <strong>F\u00e1bio Hil\u00e1rio da Silva<\/strong>, <strong>Marcelo Maia de S\u00e1<\/strong> e <strong>Weslley Gimenes<\/strong> por <strong>inc\u00eandio culposo qualificado<\/strong>.<\/p>\n<h2 class=\"wp-block-heading\">Quais s\u00e3o os principais argumentos do Minist\u00e9rio P\u00fablico?<\/h2>\n<p>Segundo o \u00f3rg\u00e3o, o inc\u00eandio foi resultado de <strong>neglig\u00eancia e omiss\u00f5es<\/strong> de dirigentes, engenheiros e respons\u00e1veis t\u00e9cnicos, que n\u00e3o garantiram condi\u00e7\u00f5es seguras de alojamento para os jovens. O MPRJ sustenta que havia <strong>culpa consciente<\/strong>, j\u00e1 que o CT operava sem alvar\u00e1 e com notifica\u00e7\u00f5es do Minist\u00e9rio P\u00fablico e autua\u00e7\u00f5es da Prefeitura, o que comprovava sua <strong>ilegalidade e risco estrutural<\/strong>.<\/p>\n<h2 class=\"wp-block-heading\">O que o recurso aponta?<\/h2>\n<p>Os promotores afirmam que os respons\u00e1veis tinham o dever de fornecer <strong>alojamentos adequados e regularizados<\/strong>, com <strong>materiais antichamas<\/strong>, <strong>sa\u00eddas de emerg\u00eancia funcionais<\/strong>, <strong>manuten\u00e7\u00e3o correta de equipamentos<\/strong> e <strong>monitoramento constante<\/strong> dos atletas.<\/p>\n<p>O recurso, encaminhado \u00e0 36\u00aa Vara Criminal, tamb\u00e9m destaca <strong>incongru\u00eancias e contradi\u00e7\u00f5es na senten\u00e7a<\/strong> que absolveu os r\u00e9us, defendendo que a decis\u00e3o seja <strong>reformada<\/strong> para garantir a responsabiliza\u00e7\u00e3o pelos fatos que levaram \u00e0 morte dos jovens jogadores.<br \/>\n<script async src=\"https:\/\/pagead2.googlesyndication.com\/pagead\/js\/adsbygoogle.js?client=ca-pub-4475525115208877\" crossorigin=\"anonymous\"><\/script><br \/>\n<!-- leolib10_main_Blog1_1x1_as --><br \/>\n<ins class=\"adsbygoogle\" style=\"display: block;\" data-ad-client=\"ca-pub-4475525115208877\" data-ad-slot=\"8862998544\" data-ad-format=\"auto\" data-full-width-responsive=\"true\"><\/ins><br \/>\n<script>\n     (adsbygoogle = window.adsbygoogle || []).push({});\n<\/script><\/p>\n","protected":false},"excerpt":{"rendered":"<p>O Minist\u00e9rio P\u00fablico do Estado do Rio de Janeiro (MPRJ) apresentou recurso contra a decis\u00e3o&#8230;<\/p>\n","protected":false},"author":2,"featured_media":1238772,"comment_status":"open","ping_status":"open","sticky":false,"template":"","format":"standard","meta":{"footnotes":""},"categories":[8205,8206,8195],"tags":[18544,18545,18546,18547,18548,401,18541,18542,1898,18549,18540,18551,1083,18543,18550],"class_list":["post-1238760","post","type-post","status-publish","format-standard","has-post-thumbnail","hentry","category-esporte","category-futebol","category-noticias","tag-antonio-marcio-mongelli-garotti","tag-claudia-pereira-rodrigues","tag-danilo-da-silva-duarte","tag-edson-colman-da-silva","tag-fabio-hilario-da-silva","tag-flamengo","tag-gaedest","tag-gaesf","tag-incendio","tag-marcelo-maia-de-sa","tag-ministerio-publico-do-estado-do-rio-de-janeiro","tag-negligencia","tag-ninho-do-urubu","tag-promotoria-de-justica","tag-weslley-gimenes"],"_links":{"self":[{"href":"https:\/\/bocudo.com\/index.php?rest_route=\/wp\/v2\/posts\/1238760","targetHints":{"allow":["GET"]}}],"collection":[{"href":"https:\/\/bocudo.com\/index.php?rest_route=\/wp\/v2\/posts"}],"about":[{"href":"https:\/\/bocudo.com\/index.php?rest_route=\/wp\/v2\/types\/post"}],"author":[{"embeddable":true,"href":"https:\/\/bocudo.com\/index.php?rest_route=\/wp\/v2\/users\/2"}],"replies":[{"embeddable":true,"href":"https:\/\/bocudo.com\/index.php?rest_route=%2Fwp%2Fv2%2Fcomments&post=1238760"}],"version-history":[{"count":2,"href":"https:\/\/bocudo.com\/index.php?rest_route=\/wp\/v2\/posts\/1238760\/revisions"}],"predecessor-version":[{"id":1238773,"href":"https:\/\/bocudo.com\/index.php?rest_route=\/wp\/v2\/posts\/1238760\/revisions\/1238773"}],"wp:featuredmedia":[{"embeddable":true,"href":"https:\/\/bocudo.com\/index.php?rest_route=\/wp\/v2\/media\/1238772"}],"wp:attachment":[{"href":"https:\/\/bocudo.com\/index.php?rest_route=%2Fwp%2Fv2%2Fmedia&parent=1238760"}],"wp:term":[{"taxonomy":"category","embeddable":true,"href":"https:\/\/bocudo.com\/index.php?rest_route=%2Fwp%2Fv2%2Fcategories&post=1238760"},{"taxonomy":"post_tag","embeddable":true,"href":"https:\/\/bocudo.com\/index.php?rest_route=%2Fwp%2Fv2%2Ftags&post=1238760"}],"curies":[{"name":"wp","href":"https:\/\/api.w.org\/{rel}","templated":true}]}}